{"id":494,"count":1,"description":"","link":"http:\/\/conviversabersocial.com.br\/index.php\/tag\/ii-mostra-acao-cenica-boca-a-boca\/","name":"II mostra a\u00e7\u00e3o c\u00eanica boca a boca","slug":"ii-mostra-acao-cenica-boca-a-boca","taxonomy":"post_tag","meta":[],"_links":{"self":[{"href":"http:\/\/conviversabersocial.com.br\/index.php\/wp-json\/wp\/v2\/tags\/494"}],"collection":[{"href":"http:\/\/conviversabersocial.com.br\/index.php\/wp-json\/wp\/v2\/tags"}],"about":[{"href":"http:\/\/conviversabersocial.com.br\/index.php\/wp-json\/wp\/v2\/taxonomies\/post_tag"}],"wp:post_type":[{"href":"http:\/\/conviversabersocial.com.br\/index.php\/wp-json\/wp\/v2\/posts?tags=494"}],"curies":[{"name":"wp","href":"https:\/\/api.w.org\/{rel}","templated":true}]}}