{"id":967,"date":"2015-08-06T02:54:29","date_gmt":"2015-08-06T02:54:29","guid":{"rendered":"http:\/\/conviversabersocial.com.br\/?p=967"},"modified":"2015-08-07T19:17:07","modified_gmt":"2015-08-07T19:17:07","slug":"lancamento-catalogo-confins","status":"publish","type":"post","link":"http:\/\/conviversabersocial.com.br\/index.php\/lancamento-catalogo-confins\/","title":{"rendered":"Cat\u00e1logo da 1\u00aa Mostra de Arte de Confins \u00e9 sucesso"},"content":{"rendered":"<p><img loading=\"lazy\" class=\" wp-image-968 size-medium alignright\" src=\"http:\/\/conviversabersocial.com.br\/wp-content\/uploads\/2015\/08\/11796344_10200924124743533_7173409107403430183_n-e1438829475675-300x188.jpg\" alt=\"11796344_10200924124743533_7173409107403430183_n\" width=\"300\" height=\"188\" srcset=\"http:\/\/conviversabersocial.com.br\/wp-content\/uploads\/2015\/08\/11796344_10200924124743533_7173409107403430183_n-e1438829475675-300x188.jpg 300w, http:\/\/conviversabersocial.com.br\/wp-content\/uploads\/2015\/08\/11796344_10200924124743533_7173409107403430183_n-e1438829475675.jpg 756w\" sizes=\"(max-width: 300px) 100vw, 300px\" \/>No dia 24 de julho, aconteceu o lan\u00e7amento do cat\u00e1logo da <a title=\"1\u00ba Cat\u00e1logo de Arte e Cultura de Confins\" href=\"http:\/\/conviversabersocial.com.br\/index.php\/1o-catalogo-de-arte-e-cultura-de-confins\/\"><strong>1\u00aa Mostra de Arte de Confins<\/strong><\/a>, com a presen\u00e7a do secret\u00e1rio de cultura de Minas Gerais, Angelo Oswaldo de Ara\u00fajo Santos e apresenta\u00e7\u00f5es de grupos art\u00edsticos locais.<\/p>\n<p>Mais de 600 artistas e artes\u00e3os locais participaram das duas mostras de artes j\u00e1 realizadas na cidade e t\u00eam suas obras e talentos representados no material impresso lan\u00e7ado com apoio da Prefeitura de Confins.<\/p>\n<p>O cat\u00e1logo e as mostras de Arte e Cultura de Confins s\u00e3o projetos realizados pelo F\u00f3rum Permanente de Pol\u00edtica Cultural de Confins, <a href=\"http:\/\/ciaproduzacaocenica.blogspot.com.br\/\" target=\"_blank\"><strong>Cia Produz A\u00e7\u00e3o C\u00eanica<\/strong><\/a>, <a href=\"http:\/\/www.nucleotecnico.com.br\/\" target=\"_blank\"><strong>N\u00facleo T\u00e9cnico de Artes C\u00eanicas<\/strong><\/a>, <a href=\"https:\/\/www.facebook.com\/ciagemea\" target=\"_blank\"><strong>Cia. G\u00eamea<\/strong><\/a>\u00a0e <strong>Ateli\u00ea Maria Janu\u00e1ria<\/strong>. Cia Produz A\u00e7\u00e3o C\u00eanica e N\u00facleo T\u00e9cnico de Artes C\u00eanicas s\u00e3o Organiza\u00e7\u00f5es participantes do PCDI.<\/p>\n<p><img loading=\"lazy\" class=\"aligncenter wp-image-969 size-medium\" src=\"http:\/\/conviversabersocial.com.br\/wp-content\/uploads\/2015\/08\/11753282_10200924124343523_6696737424007817514_n-300x225.jpg\" alt=\"11753282_10200924124343523_6696737424007817514_n\" width=\"300\" height=\"225\" srcset=\"http:\/\/conviversabersocial.com.br\/wp-content\/uploads\/2015\/08\/11753282_10200924124343523_6696737424007817514_n-300x225.jpg 300w, http:\/\/conviversabersocial.com.br\/wp-content\/uploads\/2015\/08\/11753282_10200924124343523_6696737424007817514_n.jpg 960w\" sizes=\"(max-width: 300px) 100vw, 300px\" \/><\/p>\n<p style=\"text-align: center;\"><a href=\"http:\/\/eepurl.com\/bviUSv\"><img loading=\"lazy\" class=\"aligncenter wp-image-157 size-medium\" src=\"http:\/\/conviversabersocial.com.br\/wp-content\/uploads\/2014\/12\/voltar-300x38.png\" alt=\"voltar\" width=\"300\" height=\"38\" srcset=\"http:\/\/conviversabersocial.com.br\/wp-content\/uploads\/2014\/12\/voltar-300x38.png 300w, http:\/\/conviversabersocial.com.br\/wp-content\/uploads\/2014\/12\/voltar.png 468w\" sizes=\"(max-width: 300px) 100vw, 300px\" \/><\/a><\/p>\n","protected":false},"excerpt":{"rendered":"<p>No dia 24 de julho, aconteceu o lan\u00e7amento do cat\u00e1logo da 1\u00aa Mostra de Arte de Confins, com a presen\u00e7a do secret\u00e1rio de cultura de Minas Gerais, Angelo Oswaldo de Ara\u00fajo Santos e apresenta\u00e7\u00f5es de grupos art\u00edsticos locais. Mais de 600 artistas e artes\u00e3os locais participaram das duas mostras de artes j\u00e1 realizadas na cidade [&hellip;]<\/p>\n","protected":false},"author":1,"featured_media":969,"comment_status":"open","ping_status":"open","sticky":false,"template":"","format":"standard","meta":[],"categories":[2],"tags":[299,187,10,298,228,25,29,36,297,293,87],"_links":{"self":[{"href":"http:\/\/conviversabersocial.com.br\/index.php\/wp-json\/wp\/v2\/posts\/967"}],"collection":[{"href":"http:\/\/conviversabersocial.com.br\/index.php\/wp-json\/wp\/v2\/posts"}],"about":[{"href":"http:\/\/conviversabersocial.com.br\/index.php\/wp-json\/wp\/v2\/types\/post"}],"author":[{"embeddable":true,"href":"http:\/\/conviversabersocial.com.br\/index.php\/wp-json\/wp\/v2\/users\/1"}],"replies":[{"embeddable":true,"href":"http:\/\/conviversabersocial.com.br\/index.php\/wp-json\/wp\/v2\/comments?post=967"}],"version-history":[{"count":4,"href":"http:\/\/conviversabersocial.com.br\/index.php\/wp-json\/wp\/v2\/posts\/967\/revisions"}],"predecessor-version":[{"id":1008,"href":"http:\/\/conviversabersocial.com.br\/index.php\/wp-json\/wp\/v2\/posts\/967\/revisions\/1008"}],"wp:featuredmedia":[{"embeddable":true,"href":"http:\/\/conviversabersocial.com.br\/index.php\/wp-json\/wp\/v2\/media\/969"}],"wp:attachment":[{"href":"http:\/\/conviversabersocial.com.br\/index.php\/wp-json\/wp\/v2\/media?parent=967"}],"wp:term":[{"taxonomy":"category","embeddable":true,"href":"http:\/\/conviversabersocial.com.br\/index.php\/wp-json\/wp\/v2\/categories?post=967"},{"taxonomy":"post_tag","embeddable":true,"href":"http:\/\/conviversabersocial.com.br\/index.php\/wp-json\/wp\/v2\/tags?post=967"}],"curies":[{"name":"wp","href":"https:\/\/api.w.org\/{rel}","templated":true}]}}