{"id":947,"date":"2015-07-16T20:04:46","date_gmt":"2015-07-16T20:04:46","guid":{"rendered":"http:\/\/conviversabersocial.com.br\/?p=947"},"modified":"2015-07-16T20:08:51","modified_gmt":"2015-07-16T20:08:51","slug":"1o-catalogo-de-arte-e-cultura-de-confins","status":"publish","type":"post","link":"http:\/\/conviversabersocial.com.br\/index.php\/1o-catalogo-de-arte-e-cultura-de-confins\/","title":{"rendered":"1\u00ba Cat\u00e1logo de Arte e Cultura de Confins"},"content":{"rendered":"<p>Um cat\u00e1logo apresentando a diversidade de atividades art\u00edsticas e culturais da cidade de<strong> Confins<\/strong> ser\u00e1 lan\u00e7ado no dia 24 de julho, \u00e0s 20h, no Craslem (Rua Lagoa Santa, 63), Confins. Em torno de 600 artistas e artes\u00e3os tiveram suas atividades apresentadas na\u00a0<strong>1\u00aa Mostra\u00a0de Arte e Cultura<\/strong> da cidade que tem popula\u00e7\u00e3o um pouco acima dos seis mil habitantes.<\/p>\n<p>Duas Mostras de Arte j\u00e1 foram realizadas na cidade, com destaque para as apresenta\u00e7\u00f5es de m\u00fasica, dan\u00e7a, teatro, poesia, capoeira, circo, artesanato, gastronomia e artes pl\u00e1sticas. O objetivo das mostras e do cat\u00e1logo \u00e9<strong> fortalecer o elo afetivo da popula\u00e7\u00e3o com a cidade<\/strong>, sua hist\u00f3ria, cultura e arte.<\/p>\n<p>Ap\u00f3s a 1\u00aa Mostra, em 2013, foi criado o Conselho Municipal de Pol\u00edtica Cultural que atualmente est\u00e1 trabalhando na cria\u00e7\u00e3o do Sistema Municipal de Cultura, participa do\u00a0Plano Nacional de Cultura e conta com apoio e dedica\u00e7\u00e3o do secret\u00e1rio municipal de cultura e turismo, Ant\u00f4nio Barbosa.<\/p>\n<p>O cat\u00e1logo e as mostras de Arte e Cultura de Confins s\u00e3o projetos realizados pelo F\u00f3rum Permanente de Pol\u00edtica Cultural de Confins, <a href=\"http:\/\/ciaproduzacaocenica.blogspot.com.br\/\" target=\"_blank\"><strong>Cia Produz A\u00e7\u00e3o C\u00eanica<\/strong><\/a>, <a href=\"http:\/\/www.nucleotecnico.com.br\/\" target=\"_blank\"><strong>N\u00facleo T\u00e9cnico de Artes C\u00eanicas<\/strong><\/a>, <a href=\"https:\/\/www.facebook.com\/ciagemea\" target=\"_blank\"><strong>Cia. G\u00eamea<\/strong><\/a>\u00a0e <strong>Ateli\u00ea Maria Janu\u00e1ria<\/strong>.<\/p>\n<p><img loading=\"lazy\" class=\"aligncenter size-full wp-image-948\" src=\"http:\/\/conviversabersocial.com.br\/wp-content\/uploads\/2015\/07\/blob.png\" alt=\"blob\" width=\"768\" height=\"653\" srcset=\"http:\/\/conviversabersocial.com.br\/wp-content\/uploads\/2015\/07\/blob.png 768w, http:\/\/conviversabersocial.com.br\/wp-content\/uploads\/2015\/07\/blob-300x255.png 300w\" sizes=\"(max-width: 768px) 100vw, 768px\" \/><\/p>\n<p>&nbsp;<\/p>\n<p><a href=\"http:\/\/eepurl.com\/btueWn\"><img loading=\"lazy\" class=\"aligncenter size-medium wp-image-157\" src=\"http:\/\/conviversabersocial.com.br\/wp-content\/uploads\/2014\/12\/voltar-300x38.png\" alt=\"voltar\" width=\"300\" height=\"38\" srcset=\"http:\/\/conviversabersocial.com.br\/wp-content\/uploads\/2014\/12\/voltar-300x38.png 300w, http:\/\/conviversabersocial.com.br\/wp-content\/uploads\/2014\/12\/voltar.png 468w\" sizes=\"(max-width: 300px) 100vw, 300px\" \/><\/a><\/p>\n","protected":false},"excerpt":{"rendered":"<p>Um cat\u00e1logo apresentando a diversidade de atividades art\u00edsticas e culturais da cidade de Confins ser\u00e1 lan\u00e7ado no dia 24 de julho, \u00e0s 20h, no Craslem (Rua Lagoa Santa, 63), Confins. Em torno de 600 artistas e artes\u00e3os tiveram suas atividades apresentadas na\u00a01\u00aa Mostra\u00a0de Arte e Cultura da cidade que tem popula\u00e7\u00e3o um pouco acima dos [&hellip;]<\/p>\n","protected":false},"author":1,"featured_media":135,"comment_status":"open","ping_status":"open","sticky":false,"template":"","format":"standard","meta":[],"categories":[2],"tags":[187,10,294,228,25,29,36,293,292,291,89,90],"_links":{"self":[{"href":"http:\/\/conviversabersocial.com.br\/index.php\/wp-json\/wp\/v2\/posts\/947"}],"collection":[{"href":"http:\/\/conviversabersocial.com.br\/index.php\/wp-json\/wp\/v2\/posts"}],"about":[{"href":"http:\/\/conviversabersocial.com.br\/index.php\/wp-json\/wp\/v2\/types\/post"}],"author":[{"embeddable":true,"href":"http:\/\/conviversabersocial.com.br\/index.php\/wp-json\/wp\/v2\/users\/1"}],"replies":[{"embeddable":true,"href":"http:\/\/conviversabersocial.com.br\/index.php\/wp-json\/wp\/v2\/comments?post=947"}],"version-history":[{"count":2,"href":"http:\/\/conviversabersocial.com.br\/index.php\/wp-json\/wp\/v2\/posts\/947\/revisions"}],"predecessor-version":[{"id":951,"href":"http:\/\/conviversabersocial.com.br\/index.php\/wp-json\/wp\/v2\/posts\/947\/revisions\/951"}],"wp:featuredmedia":[{"embeddable":true,"href":"http:\/\/conviversabersocial.com.br\/index.php\/wp-json\/wp\/v2\/media\/135"}],"wp:attachment":[{"href":"http:\/\/conviversabersocial.com.br\/index.php\/wp-json\/wp\/v2\/media?parent=947"}],"wp:term":[{"taxonomy":"category","embeddable":true,"href":"http:\/\/conviversabersocial.com.br\/index.php\/wp-json\/wp\/v2\/categories?post=947"},{"taxonomy":"post_tag","embeddable":true,"href":"http:\/\/conviversabersocial.com.br\/index.php\/wp-json\/wp\/v2\/tags?post=947"}],"curies":[{"name":"wp","href":"https:\/\/api.w.org\/{rel}","templated":true}]}}