{"id":832,"date":"2015-06-07T02:42:27","date_gmt":"2015-06-07T02:42:27","guid":{"rendered":"http:\/\/conviversabersocial.com.br\/?p=832"},"modified":"2015-06-07T17:01:09","modified_gmt":"2015-06-07T17:01:09","slug":"ballet-voo-livre-comemora-dia-internacional-da-danca","status":"publish","type":"post","link":"http:\/\/conviversabersocial.com.br\/index.php\/ballet-voo-livre-comemora-dia-internacional-da-danca\/","title":{"rendered":"Ballet Voo Livre comemora Dia Internacional da Dan\u00e7a"},"content":{"rendered":"<p>Para marcar as celebra\u00e7\u00f5es do <strong>Dia Mundial da Dan\u00e7a<\/strong>, comemorado em 29 de abril, o <strong>Ballet Voo Livre, do <a href=\"https:\/\/www.facebook.com\/cerc.voolivre?fref=ts\" target=\"_blank\">CERC<\/a><\/strong>, aterrizou com bailarinas, professoras, lin\u00f3lio, sapatilhas e col\u00e3s na Rodovi\u00e1ria de Pedro Leopoldo para uma aula aberta ao p\u00fablico.<\/p>\n<p>Todos se encantaram com as bailarinas levando arte, gra\u00e7a e leveza para um espa\u00e7o p\u00fablico em um hor\u00e1rio de grande movimento. A aula aconteceu \u00e0s 18h20.\u00a0Confira as fotos:<\/p>\n<div id='gallery-1' class='gallery galleryid-832 gallery-columns-4 gallery-size-medium'><figure class='gallery-item'>\n\t\t\t<div class='gallery-icon portrait'>\n\t\t\t\t<a href='http:\/\/conviversabersocial.com.br\/index.php\/ballet-voo-livre-comemora-dia-internacional-da-danca\/1-adpc-382\/'><img width=\"200\" height=\"300\" src=\"http:\/\/conviversabersocial.com.br\/wp-content\/uploads\/2015\/06\/1-ADPC-382-200x300.jpg\" class=\"attachment-medium size-medium\" alt=\"\" loading=\"lazy\" srcset=\"http:\/\/conviversabersocial.com.br\/wp-content\/uploads\/2015\/06\/1-ADPC-382-200x300.jpg 200w, http:\/\/conviversabersocial.com.br\/wp-content\/uploads\/2015\/06\/1-ADPC-382.jpg 440w\" sizes=\"(max-width: 200px) 100vw, 200px\" \/><\/a>\n\t\t\t<\/div><\/figure><figure class='gallery-item'>\n\t\t\t<div class='gallery-icon portrait'>\n\t\t\t\t<a href='http:\/\/conviversabersocial.com.br\/index.php\/ballet-voo-livre-comemora-dia-internacional-da-danca\/1-adpc-389\/'><img width=\"200\" height=\"300\" src=\"http:\/\/conviversabersocial.com.br\/wp-content\/uploads\/2015\/06\/1-ADPC-389-200x300.jpg\" class=\"attachment-medium size-medium\" alt=\"\" loading=\"lazy\" srcset=\"http:\/\/conviversabersocial.com.br\/wp-content\/uploads\/2015\/06\/1-ADPC-389-200x300.jpg 200w, http:\/\/conviversabersocial.com.br\/wp-content\/uploads\/2015\/06\/1-ADPC-389.jpg 440w\" sizes=\"(max-width: 200px) 100vw, 200px\" \/><\/a>\n\t\t\t<\/div><\/figure><figure class='gallery-item'>\n\t\t\t<div class='gallery-icon landscape'>\n\t\t\t\t<a href='http:\/\/conviversabersocial.com.br\/index.php\/ballet-voo-livre-comemora-dia-internacional-da-danca\/1-adpc-397\/'><img width=\"300\" height=\"200\" src=\"http:\/\/conviversabersocial.com.br\/wp-content\/uploads\/2015\/06\/1-ADPC-397-300x200.jpg\" class=\"attachment-medium size-medium\" alt=\"\" loading=\"lazy\" srcset=\"http:\/\/conviversabersocial.com.br\/wp-content\/uploads\/2015\/06\/1-ADPC-397-300x200.jpg 300w, http:\/\/conviversabersocial.com.br\/wp-content\/uploads\/2015\/06\/1-ADPC-397.jpg 659w\" sizes=\"(max-width: 300px) 100vw, 300px\" \/><\/a>\n\t\t\t<\/div><\/figure><figure class='gallery-item'>\n\t\t\t<div class='gallery-icon portrait'>\n\t\t\t\t<a href='http:\/\/conviversabersocial.com.br\/index.php\/ballet-voo-livre-comemora-dia-internacional-da-danca\/1-adpc-422\/'><img width=\"200\" height=\"300\" src=\"http:\/\/conviversabersocial.com.br\/wp-content\/uploads\/2015\/06\/1-ADPC-422-200x300.jpg\" class=\"attachment-medium size-medium\" alt=\"\" loading=\"lazy\" srcset=\"http:\/\/conviversabersocial.com.br\/wp-content\/uploads\/2015\/06\/1-ADPC-422-200x300.jpg 200w, http:\/\/conviversabersocial.com.br\/wp-content\/uploads\/2015\/06\/1-ADPC-422.jpg 440w\" sizes=\"(max-width: 200px) 100vw, 200px\" \/><\/a>\n\t\t\t<\/div><\/figure><figure class='gallery-item'>\n\t\t\t<div class='gallery-icon landscape'>\n\t\t\t\t<a href='http:\/\/conviversabersocial.com.br\/index.php\/ballet-voo-livre-comemora-dia-internacional-da-danca\/1-adpc-429\/'><img width=\"300\" height=\"200\" src=\"http:\/\/conviversabersocial.com.br\/wp-content\/uploads\/2015\/06\/1-ADPC-429-300x200.jpg\" class=\"attachment-medium size-medium\" alt=\"\" loading=\"lazy\" srcset=\"http:\/\/conviversabersocial.com.br\/wp-content\/uploads\/2015\/06\/1-ADPC-429-300x200.jpg 300w, http:\/\/conviversabersocial.com.br\/wp-content\/uploads\/2015\/06\/1-ADPC-429.jpg 659w\" sizes=\"(max-width: 300px) 100vw, 300px\" \/><\/a>\n\t\t\t<\/div><\/figure><figure class='gallery-item'>\n\t\t\t<div class='gallery-icon landscape'>\n\t\t\t\t<a href='http:\/\/conviversabersocial.com.br\/index.php\/ballet-voo-livre-comemora-dia-internacional-da-danca\/2-adpc-349\/'><img width=\"300\" height=\"200\" src=\"http:\/\/conviversabersocial.com.br\/wp-content\/uploads\/2015\/06\/2-ADPC-349-300x200.jpg\" class=\"attachment-medium size-medium\" alt=\"\" loading=\"lazy\" srcset=\"http:\/\/conviversabersocial.com.br\/wp-content\/uploads\/2015\/06\/2-ADPC-349-300x200.jpg 300w, http:\/\/conviversabersocial.com.br\/wp-content\/uploads\/2015\/06\/2-ADPC-349.jpg 659w\" sizes=\"(max-width: 300px) 100vw, 300px\" \/><\/a>\n\t\t\t<\/div><\/figure><figure class='gallery-item'>\n\t\t\t<div class='gallery-icon portrait'>\n\t\t\t\t<a href='http:\/\/conviversabersocial.com.br\/index.php\/ballet-voo-livre-comemora-dia-internacional-da-danca\/2-adpc-383\/'><img width=\"200\" height=\"300\" src=\"http:\/\/conviversabersocial.com.br\/wp-content\/uploads\/2015\/06\/2-ADPC-383-200x300.jpg\" class=\"attachment-medium size-medium\" alt=\"\" loading=\"lazy\" srcset=\"http:\/\/conviversabersocial.com.br\/wp-content\/uploads\/2015\/06\/2-ADPC-383-200x300.jpg 200w, http:\/\/conviversabersocial.com.br\/wp-content\/uploads\/2015\/06\/2-ADPC-383.jpg 440w\" sizes=\"(max-width: 200px) 100vw, 200px\" \/><\/a>\n\t\t\t<\/div><\/figure><figure class='gallery-item'>\n\t\t\t<div class='gallery-icon landscape'>\n\t\t\t\t<a href='http:\/\/conviversabersocial.com.br\/index.php\/ballet-voo-livre-comemora-dia-internacional-da-danca\/2-adpc-424\/'><img width=\"300\" height=\"200\" src=\"http:\/\/conviversabersocial.com.br\/wp-content\/uploads\/2015\/06\/2-ADPC-424-300x200.jpg\" class=\"attachment-medium size-medium\" alt=\"\" loading=\"lazy\" srcset=\"http:\/\/conviversabersocial.com.br\/wp-content\/uploads\/2015\/06\/2-ADPC-424-300x200.jpg 300w, http:\/\/conviversabersocial.com.br\/wp-content\/uploads\/2015\/06\/2-ADPC-424.jpg 659w\" sizes=\"(max-width: 300px) 100vw, 300px\" \/><\/a>\n\t\t\t<\/div><\/figure><figure class='gallery-item'>\n\t\t\t<div class='gallery-icon landscape'>\n\t\t\t\t<a href='http:\/\/conviversabersocial.com.br\/index.php\/ballet-voo-livre-comemora-dia-internacional-da-danca\/4-adpc-351\/'><img width=\"300\" height=\"200\" src=\"http:\/\/conviversabersocial.com.br\/wp-content\/uploads\/2015\/06\/4-ADPC-351-300x200.jpg\" class=\"attachment-medium size-medium\" alt=\"\" loading=\"lazy\" srcset=\"http:\/\/conviversabersocial.com.br\/wp-content\/uploads\/2015\/06\/4-ADPC-351-300x200.jpg 300w, http:\/\/conviversabersocial.com.br\/wp-content\/uploads\/2015\/06\/4-ADPC-351.jpg 659w\" sizes=\"(max-width: 300px) 100vw, 300px\" \/><\/a>\n\t\t\t<\/div><\/figure><figure class='gallery-item'>\n\t\t\t<div class='gallery-icon portrait'>\n\t\t\t\t<a href='http:\/\/conviversabersocial.com.br\/index.php\/ballet-voo-livre-comemora-dia-internacional-da-danca\/4-adpc-367\/'><img width=\"200\" height=\"300\" src=\"http:\/\/conviversabersocial.com.br\/wp-content\/uploads\/2015\/06\/4-ADPC-367-200x300.jpg\" class=\"attachment-medium size-medium\" alt=\"\" loading=\"lazy\" srcset=\"http:\/\/conviversabersocial.com.br\/wp-content\/uploads\/2015\/06\/4-ADPC-367-200x300.jpg 200w, http:\/\/conviversabersocial.com.br\/wp-content\/uploads\/2015\/06\/4-ADPC-367.jpg 440w\" sizes=\"(max-width: 200px) 100vw, 200px\" \/><\/a>\n\t\t\t<\/div><\/figure><figure class='gallery-item'>\n\t\t\t<div class='gallery-icon landscape'>\n\t\t\t\t<a href='http:\/\/conviversabersocial.com.br\/index.php\/ballet-voo-livre-comemora-dia-internacional-da-danca\/4-adpc-392\/'><img width=\"300\" height=\"200\" src=\"http:\/\/conviversabersocial.com.br\/wp-content\/uploads\/2015\/06\/4-ADPC-392-300x200.jpg\" class=\"attachment-medium size-medium\" alt=\"\" loading=\"lazy\" srcset=\"http:\/\/conviversabersocial.com.br\/wp-content\/uploads\/2015\/06\/4-ADPC-392-300x200.jpg 300w, http:\/\/conviversabersocial.com.br\/wp-content\/uploads\/2015\/06\/4-ADPC-392.jpg 659w\" sizes=\"(max-width: 300px) 100vw, 300px\" \/><\/a>\n\t\t\t<\/div><\/figure><figure class='gallery-item'>\n\t\t\t<div class='gallery-icon landscape'>\n\t\t\t\t<a href='http:\/\/conviversabersocial.com.br\/index.php\/ballet-voo-livre-comemora-dia-internacional-da-danca\/4-adpc-413\/'><img width=\"300\" height=\"200\" src=\"http:\/\/conviversabersocial.com.br\/wp-content\/uploads\/2015\/06\/4-ADPC-413-300x200.jpg\" class=\"attachment-medium size-medium\" alt=\"\" loading=\"lazy\" srcset=\"http:\/\/conviversabersocial.com.br\/wp-content\/uploads\/2015\/06\/4-ADPC-413-300x200.jpg 300w, http:\/\/conviversabersocial.com.br\/wp-content\/uploads\/2015\/06\/4-ADPC-413.jpg 659w\" sizes=\"(max-width: 300px) 100vw, 300px\" \/><\/a>\n\t\t\t<\/div><\/figure><figure class='gallery-item'>\n\t\t\t<div class='gallery-icon landscape'>\n\t\t\t\t<a href='http:\/\/conviversabersocial.com.br\/index.php\/ballet-voo-livre-comemora-dia-internacional-da-danca\/5-adpc-352\/'><img width=\"300\" height=\"200\" src=\"http:\/\/conviversabersocial.com.br\/wp-content\/uploads\/2015\/06\/5-ADPC-352-300x200.jpg\" class=\"attachment-medium size-medium\" alt=\"\" loading=\"lazy\" srcset=\"http:\/\/conviversabersocial.com.br\/wp-content\/uploads\/2015\/06\/5-ADPC-352-300x200.jpg 300w, http:\/\/conviversabersocial.com.br\/wp-content\/uploads\/2015\/06\/5-ADPC-352.jpg 659w\" sizes=\"(max-width: 300px) 100vw, 300px\" \/><\/a>\n\t\t\t<\/div><\/figure><figure class='gallery-item'>\n\t\t\t<div class='gallery-icon portrait'>\n\t\t\t\t<a href='http:\/\/conviversabersocial.com.br\/index.php\/ballet-voo-livre-comemora-dia-internacional-da-danca\/5-adpc-386\/'><img width=\"200\" height=\"300\" src=\"http:\/\/conviversabersocial.com.br\/wp-content\/uploads\/2015\/06\/5-ADPC-386-200x300.jpg\" class=\"attachment-medium size-medium\" alt=\"\" loading=\"lazy\" srcset=\"http:\/\/conviversabersocial.com.br\/wp-content\/uploads\/2015\/06\/5-ADPC-386-200x300.jpg 200w, http:\/\/conviversabersocial.com.br\/wp-content\/uploads\/2015\/06\/5-ADPC-386.jpg 440w\" sizes=\"(max-width: 200px) 100vw, 200px\" \/><\/a>\n\t\t\t<\/div><\/figure><figure class='gallery-item'>\n\t\t\t<div class='gallery-icon landscape'>\n\t\t\t\t<a href='http:\/\/conviversabersocial.com.br\/index.php\/ballet-voo-livre-comemora-dia-internacional-da-danca\/5-adpc-409\/'><img width=\"300\" height=\"200\" src=\"http:\/\/conviversabersocial.com.br\/wp-content\/uploads\/2015\/06\/5-ADPC-409-300x200.jpg\" class=\"attachment-medium size-medium\" alt=\"\" loading=\"lazy\" srcset=\"http:\/\/conviversabersocial.com.br\/wp-content\/uploads\/2015\/06\/5-ADPC-409-300x200.jpg 300w, http:\/\/conviversabersocial.com.br\/wp-content\/uploads\/2015\/06\/5-ADPC-409.jpg 659w\" sizes=\"(max-width: 300px) 100vw, 300px\" \/><\/a>\n\t\t\t<\/div><\/figure><figure class='gallery-item'>\n\t\t\t<div class='gallery-icon landscape'>\n\t\t\t\t<a href='http:\/\/conviversabersocial.com.br\/index.php\/ballet-voo-livre-comemora-dia-internacional-da-danca\/5-adpc-423\/'><img width=\"300\" height=\"200\" src=\"http:\/\/conviversabersocial.com.br\/wp-content\/uploads\/2015\/06\/5-ADPC-423-300x200.jpg\" class=\"attachment-medium size-medium\" alt=\"\" loading=\"lazy\" srcset=\"http:\/\/conviversabersocial.com.br\/wp-content\/uploads\/2015\/06\/5-ADPC-423-300x200.jpg 300w, http:\/\/conviversabersocial.com.br\/wp-content\/uploads\/2015\/06\/5-ADPC-423.jpg 659w\" sizes=\"(max-width: 300px) 100vw, 300px\" \/><\/a>\n\t\t\t<\/div><\/figure><figure class='gallery-item'>\n\t\t\t<div class='gallery-icon landscape'>\n\t\t\t\t<a href='http:\/\/conviversabersocial.com.br\/index.php\/ballet-voo-livre-comemora-dia-internacional-da-danca\/6-adpc-400\/'><img width=\"300\" height=\"200\" src=\"http:\/\/conviversabersocial.com.br\/wp-content\/uploads\/2015\/06\/6-ADPC-400-300x200.jpg\" class=\"attachment-medium size-medium\" alt=\"\" loading=\"lazy\" srcset=\"http:\/\/conviversabersocial.com.br\/wp-content\/uploads\/2015\/06\/6-ADPC-400-300x200.jpg 300w, http:\/\/conviversabersocial.com.br\/wp-content\/uploads\/2015\/06\/6-ADPC-400.jpg 659w\" sizes=\"(max-width: 300px) 100vw, 300px\" \/><\/a>\n\t\t\t<\/div><\/figure><figure class='gallery-item'>\n\t\t\t<div class='gallery-icon landscape'>\n\t\t\t\t<a href='http:\/\/conviversabersocial.com.br\/index.php\/ballet-voo-livre-comemora-dia-internacional-da-danca\/6-adpc-425\/'><img width=\"300\" height=\"200\" src=\"http:\/\/conviversabersocial.com.br\/wp-content\/uploads\/2015\/06\/6-ADPC-425-300x200.jpg\" class=\"attachment-medium size-medium\" alt=\"\" loading=\"lazy\" srcset=\"http:\/\/conviversabersocial.com.br\/wp-content\/uploads\/2015\/06\/6-ADPC-425-300x200.jpg 300w, http:\/\/conviversabersocial.com.br\/wp-content\/uploads\/2015\/06\/6-ADPC-425.jpg 659w\" sizes=\"(max-width: 300px) 100vw, 300px\" \/><\/a>\n\t\t\t<\/div><\/figure><figure class='gallery-item'>\n\t\t\t<div class='gallery-icon portrait'>\n\t\t\t\t<a href='http:\/\/conviversabersocial.com.br\/index.php\/ballet-voo-livre-comemora-dia-internacional-da-danca\/7-adpc-389\/'><img width=\"200\" height=\"300\" src=\"http:\/\/conviversabersocial.com.br\/wp-content\/uploads\/2015\/06\/7-ADPC-389-200x300.jpg\" class=\"attachment-medium size-medium\" alt=\"\" loading=\"lazy\" srcset=\"http:\/\/conviversabersocial.com.br\/wp-content\/uploads\/2015\/06\/7-ADPC-389-200x300.jpg 200w, http:\/\/conviversabersocial.com.br\/wp-content\/uploads\/2015\/06\/7-ADPC-389.jpg 440w\" sizes=\"(max-width: 200px) 100vw, 200px\" \/><\/a>\n\t\t\t<\/div><\/figure><figure class='gallery-item'>\n\t\t\t<div class='gallery-icon portrait'>\n\t\t\t\t<a href='http:\/\/conviversabersocial.com.br\/index.php\/ballet-voo-livre-comemora-dia-internacional-da-danca\/8-adpc-390\/'><img width=\"200\" height=\"300\" src=\"http:\/\/conviversabersocial.com.br\/wp-content\/uploads\/2015\/06\/8-ADPC-390-200x300.jpg\" class=\"attachment-medium size-medium\" alt=\"\" loading=\"lazy\" srcset=\"http:\/\/conviversabersocial.com.br\/wp-content\/uploads\/2015\/06\/8-ADPC-390-200x300.jpg 200w, http:\/\/conviversabersocial.com.br\/wp-content\/uploads\/2015\/06\/8-ADPC-390.jpg 440w\" sizes=\"(max-width: 200px) 100vw, 200px\" \/><\/a>\n\t\t\t<\/div><\/figure>\n\t\t<\/div>\n\n<p><a href=\"http:\/\/eepurl.com\/bpFUbX\"><img loading=\"lazy\" class=\"aligncenter size-medium wp-image-157\" src=\"http:\/\/conviversabersocial.com.br\/wp-content\/uploads\/2014\/12\/voltar-300x38.png\" alt=\"voltar\" width=\"300\" height=\"38\" srcset=\"http:\/\/conviversabersocial.com.br\/wp-content\/uploads\/2014\/12\/voltar-300x38.png 300w, http:\/\/conviversabersocial.com.br\/wp-content\/uploads\/2014\/12\/voltar.png 468w\" sizes=\"(max-width: 300px) 100vw, 300px\" \/><\/a><\/p>\n","protected":false},"excerpt":{"rendered":"<p>Para marcar as celebra\u00e7\u00f5es do Dia Mundial da Dan\u00e7a, comemorado em 29 de abril, o Ballet Voo Livre, do CERC, aterrizou com bailarinas, professoras, lin\u00f3lio, sapatilhas e col\u00e3s na Rodovi\u00e1ria de Pedro Leopoldo para uma aula aberta ao p\u00fablico. Todos se encantaram com as bailarinas levando arte, gra\u00e7a e leveza para um espa\u00e7o p\u00fablico em [&hellip;]<\/p>\n","protected":false},"author":1,"featured_media":833,"comment_status":"open","ping_status":"open","sticky":false,"template":"","format":"standard","meta":[],"categories":[2],"tags":[6,187,14,258,15,22,29,40,259,249,103],"_links":{"self":[{"href":"http:\/\/conviversabersocial.com.br\/index.php\/wp-json\/wp\/v2\/posts\/832"}],"collection":[{"href":"http:\/\/conviversabersocial.com.br\/index.php\/wp-json\/wp\/v2\/posts"}],"about":[{"href":"http:\/\/conviversabersocial.com.br\/index.php\/wp-json\/wp\/v2\/types\/post"}],"author":[{"embeddable":true,"href":"http:\/\/conviversabersocial.com.br\/index.php\/wp-json\/wp\/v2\/users\/1"}],"replies":[{"embeddable":true,"href":"http:\/\/conviversabersocial.com.br\/index.php\/wp-json\/wp\/v2\/comments?post=832"}],"version-history":[{"count":5,"href":"http:\/\/conviversabersocial.com.br\/index.php\/wp-json\/wp\/v2\/posts\/832\/revisions"}],"predecessor-version":[{"id":866,"href":"http:\/\/conviversabersocial.com.br\/index.php\/wp-json\/wp\/v2\/posts\/832\/revisions\/866"}],"wp:featuredmedia":[{"embeddable":true,"href":"http:\/\/conviversabersocial.com.br\/index.php\/wp-json\/wp\/v2\/media\/833"}],"wp:attachment":[{"href":"http:\/\/conviversabersocial.com.br\/index.php\/wp-json\/wp\/v2\/media?parent=832"}],"wp:term":[{"taxonomy":"category","embeddable":true,"href":"http:\/\/conviversabersocial.com.br\/index.php\/wp-json\/wp\/v2\/categories?post=832"},{"taxonomy":"post_tag","embeddable":true,"href":"http:\/\/conviversabersocial.com.br\/index.php\/wp-json\/wp\/v2\/tags?post=832"}],"curies":[{"name":"wp","href":"https:\/\/api.w.org\/{rel}","templated":true}]}}