{"id":805,"date":"2015-06-07T00:54:47","date_gmt":"2015-06-07T00:54:47","guid":{"rendered":"http:\/\/conviversabersocial.com.br\/?p=805"},"modified":"2015-06-07T17:16:54","modified_gmt":"2015-06-07T17:16:54","slug":"passeio-geaa-e-casa-do-saber-no-circuito-cultural-da-lapinha","status":"publish","type":"post","link":"http:\/\/conviversabersocial.com.br\/index.php\/passeio-geaa-e-casa-do-saber-no-circuito-cultural-da-lapinha\/","title":{"rendered":"Passeio GEAA e Casa do Saber no Circuito Cultural da Lapinha"},"content":{"rendered":"<p><img loading=\"lazy\" class=\"alignright size-medium wp-image-806\" src=\"http:\/\/conviversabersocial.com.br\/wp-content\/uploads\/2015\/06\/11334275_1571636843110856_6474834310056270717_o-300x225.jpg\" alt=\"11334275_1571636843110856_6474834310056270717_o\" width=\"300\" height=\"225\" \/>No dia 22 de maio, adolescentes do Projovem<strong>\u00a0<a href=\"http:\/\/geaa.casasrtito.org.br\/\" target=\"_blank\">GEAA<\/a><\/strong>\u00a0e <a href=\"http:\/\/www.casadosaber.org.br\/\" target=\"_blank\"><strong>Casa do Saber<\/strong><\/a> e da Oficina de Comunica\u00e7\u00e3o do <strong><a href=\"http:\/\/geaa.casasrtito.org.br\/\" target=\"_blank\">GEAA<\/a>\u00a0<\/strong>participaram de um passeio pelo Circuito Cultural da Lapinha, em Lagoa Santa.<\/p>\n<p>Foi um dia de descobertas de lugares e pessoas que fazem parte da cultura da cidade. O grupo foi recebido pela Marta, respons\u00e1vel pelo Receptivo Tur\u00edstico da Lapinha. Visitaram o<strong> Cafofo Caf\u00e9 com Arte<\/strong>, onde foram muito bem acolhidos\u00a0por C\u00e1ssia e Maria Jos\u00e9 e puderam conhecer artesanatos, pinturas e objetos de arte feitos por artistas e artes\u00e3os da regi\u00e3o. No p\u00e1tio do Cafofo aconteceu uma produtiva <strong>roda de conversas<\/strong> com as pessoas que trabalham ali, que compartilharam hist\u00f3rias e informa\u00e7\u00f5es sobre <strong>a cultura, o meio ambiente, o turismo e o mercado de trabalho nestas \u00e1reas<\/strong>. Foi feito um sorteio de quatro atividades de aventura entre os jovens presentes.\u00a0Ap\u00f3s as atividades de lazer, os adolescentes foram servidos de sucos frutas colhidas no quintal. Tamb\u00e9m ganharam como lembran\u00e7a uma caderneta do Cafofo Caf\u00e9 com Arte feita com material reciclado e estampada com imagens representativas da Lapinha.<\/p>\n<div id='gallery-1' class='gallery galleryid-805 gallery-columns-4 gallery-size-medium'><figure class='gallery-item'>\n\t\t\t<div class='gallery-icon landscape'>\n\t\t\t\t<a href='http:\/\/conviversabersocial.com.br\/index.php\/passeio-geaa-e-casa-do-saber-no-circuito-cultural-da-lapinha\/11078242_1571636913110849_8720487074264744328_o\/'><img width=\"300\" height=\"225\" src=\"http:\/\/conviversabersocial.com.br\/wp-content\/uploads\/2015\/06\/11078242_1571636913110849_8720487074264744328_o-300x225.jpg\" class=\"attachment-medium size-medium\" alt=\"\" loading=\"lazy\" srcset=\"http:\/\/conviversabersocial.com.br\/wp-content\/uploads\/2015\/06\/11078242_1571636913110849_8720487074264744328_o-300x225.jpg 300w, http:\/\/conviversabersocial.com.br\/wp-content\/uploads\/2015\/06\/11078242_1571636913110849_8720487074264744328_o-1024x768.jpg 1024w, http:\/\/conviversabersocial.com.br\/wp-content\/uploads\/2015\/06\/11078242_1571636913110849_8720487074264744328_o-e1433638035754.jpg 800w\" sizes=\"(max-width: 300px) 100vw, 300px\" \/><\/a>\n\t\t\t<\/div><\/figure><figure class='gallery-item'>\n\t\t\t<div class='gallery-icon portrait'>\n\t\t\t\t<a href='http:\/\/conviversabersocial.com.br\/index.php\/passeio-geaa-e-casa-do-saber-no-circuito-cultural-da-lapinha\/10915035_1571637133110827_5712629795475995079_o\/'><img width=\"225\" height=\"300\" src=\"http:\/\/conviversabersocial.com.br\/wp-content\/uploads\/2015\/06\/10915035_1571637133110827_5712629795475995079_o-225x300.jpg\" class=\"attachment-medium size-medium\" alt=\"\" loading=\"lazy\" srcset=\"http:\/\/conviversabersocial.com.br\/wp-content\/uploads\/2015\/06\/10915035_1571637133110827_5712629795475995079_o-225x300.jpg 225w, http:\/\/conviversabersocial.com.br\/wp-content\/uploads\/2015\/06\/10915035_1571637133110827_5712629795475995079_o-768x1024.jpg 768w, http:\/\/conviversabersocial.com.br\/wp-content\/uploads\/2015\/06\/10915035_1571637133110827_5712629795475995079_o-e1433638050518.jpg 600w\" sizes=\"(max-width: 225px) 100vw, 225px\" \/><\/a>\n\t\t\t<\/div><\/figure><figure class='gallery-item'>\n\t\t\t<div class='gallery-icon landscape'>\n\t\t\t\t<a href='http:\/\/conviversabersocial.com.br\/index.php\/passeio-geaa-e-casa-do-saber-no-circuito-cultural-da-lapinha\/11110560_1571636899777517_3226827143111135293_o\/'><img width=\"300\" height=\"225\" src=\"http:\/\/conviversabersocial.com.br\/wp-content\/uploads\/2015\/06\/11110560_1571636899777517_3226827143111135293_o-300x225.jpg\" class=\"attachment-medium size-medium\" alt=\"\" loading=\"lazy\" srcset=\"http:\/\/conviversabersocial.com.br\/wp-content\/uploads\/2015\/06\/11110560_1571636899777517_3226827143111135293_o-300x225.jpg 300w, http:\/\/conviversabersocial.com.br\/wp-content\/uploads\/2015\/06\/11110560_1571636899777517_3226827143111135293_o-1024x768.jpg 1024w, http:\/\/conviversabersocial.com.br\/wp-content\/uploads\/2015\/06\/11110560_1571636899777517_3226827143111135293_o-e1433638086756.jpg 800w\" sizes=\"(max-width: 300px) 100vw, 300px\" \/><\/a>\n\t\t\t<\/div><\/figure><figure class='gallery-item'>\n\t\t\t<div class='gallery-icon portrait'>\n\t\t\t\t<a href='http:\/\/conviversabersocial.com.br\/index.php\/passeio-geaa-e-casa-do-saber-no-circuito-cultural-da-lapinha\/11265313_1571637056444168_3630458985950571855_o\/'><img width=\"225\" height=\"300\" src=\"http:\/\/conviversabersocial.com.br\/wp-content\/uploads\/2015\/06\/11265313_1571637056444168_3630458985950571855_o-225x300.jpg\" class=\"attachment-medium size-medium\" alt=\"\" loading=\"lazy\" srcset=\"http:\/\/conviversabersocial.com.br\/wp-content\/uploads\/2015\/06\/11265313_1571637056444168_3630458985950571855_o-225x300.jpg 225w, http:\/\/conviversabersocial.com.br\/wp-content\/uploads\/2015\/06\/11265313_1571637056444168_3630458985950571855_o-768x1024.jpg 768w, http:\/\/conviversabersocial.com.br\/wp-content\/uploads\/2015\/06\/11265313_1571637056444168_3630458985950571855_o-e1433638102763.jpg 600w\" sizes=\"(max-width: 225px) 100vw, 225px\" \/><\/a>\n\t\t\t<\/div><\/figure>\n\t\t<\/div>\n\n<p>Em seguida, visitaram a casa dos doceiros <strong>Dona Fiota e do Sr. G\u00ea<\/strong>, onde foram recebidos com muito carinho. Na grande roda de bate-papo\u00a0realizada na varanda, os jovens perguntaram como \u00e9 o modo de vida deles e da fam\u00edlia e se mostraram muito interessados no trabalho desenvolvido pelos doceiros. Dona Fiota comentou sobre <strong>os desafios, as responsabilidades e as alegrias de se fazer o que gosta<\/strong>. O grupo conheceu o espa\u00e7o onde os doces s\u00e3o produzidos, aprenderam a usar uma balan\u00e7a antiga e provaram o delicioso doce de leite feito por l\u00e1!<\/p>\n<p><img loading=\"lazy\" class=\"aligncenter size-full wp-image-811\" src=\"http:\/\/conviversabersocial.com.br\/wp-content\/uploads\/2015\/06\/10869483_1571636866444187_3365663003767686470_o-e1433638180694.jpg\" alt=\"10869483_1571636866444187_3365663003767686470_o\" width=\"800\" height=\"600\" \/><\/p>\n<p>J\u00e1 no fim da tarde, foram caminhando at\u00e9 o restaurante e pousada<strong> Cantinho da Luci<\/strong>, onde fizeram um lanche com <strong>p\u00e3o de queijo, sucos de frutas t\u00edpicas e cub\u00fa &#8211; doce de fub\u00e1 enrolado em palha de banana<\/strong>. Tamb\u00e9m no Cantinho da Luci aconteceu uma rodada de conversas. Ficou combinado um retorno \u00e0 Lapinha, pois n\u00e3o deu tempo de assistir o document\u00e1rio planejado de ser exibido pelo Receptur da Lapinha e tamb\u00e9m de visitar a casa de Nadir, artes\u00e3o local.<\/p>\n<p>Foi um passeio muito rico e produtivo, que permitiu aos jovens <strong>vivenciar conhecimentos que j\u00e1 foram e que ainda ser\u00e3o trabalhados nas aulas do Projovem.<\/strong> Eles puderam caminhar pelo territ\u00f3rio, fizeram observa\u00e7\u00f5es e anota\u00e7\u00f5es relacionadas \u00e0s tem\u00e1ticas j\u00e1 aprendidas.<\/p>\n<p><a href=\"http:\/\/eepurl.com\/bpFUbX\"><img loading=\"lazy\" class=\"aligncenter size-full wp-image-157\" src=\"http:\/\/conviversabersocial.com.br\/wp-content\/uploads\/2014\/12\/voltar.png\" alt=\"voltar\" width=\"468\" height=\"60\" srcset=\"http:\/\/conviversabersocial.com.br\/wp-content\/uploads\/2014\/12\/voltar.png 468w, http:\/\/conviversabersocial.com.br\/wp-content\/uploads\/2014\/12\/voltar-300x38.png 300w\" sizes=\"(max-width: 468px) 100vw, 468px\" \/><\/a><\/p>\n<p>&nbsp;<\/p>\n","protected":false},"excerpt":{"rendered":"<p>No dia 22 de maio, adolescentes do Projovem\u00a0GEAA\u00a0e Casa do Saber e da Oficina de Comunica\u00e7\u00e3o do GEAA\u00a0participaram de um passeio pelo Circuito Cultural da Lapinha, em Lagoa Santa. Foi um dia de descobertas de lugares e pessoas que fazem parte da cultura da cidade. O grupo foi recebido pela Marta, respons\u00e1vel pelo Receptivo Tur\u00edstico [&hellip;]<\/p>\n","protected":false},"author":1,"featured_media":811,"comment_status":"open","ping_status":"open","sticky":false,"template":"","format":"standard","meta":[],"categories":[2],"tags":[6,10,245,238,237,20,21,31,36,240,239,59,244,70,72,236,243,241,246,242,150],"_links":{"self":[{"href":"http:\/\/conviversabersocial.com.br\/index.php\/wp-json\/wp\/v2\/posts\/805"}],"collection":[{"href":"http:\/\/conviversabersocial.com.br\/index.php\/wp-json\/wp\/v2\/posts"}],"about":[{"href":"http:\/\/conviversabersocial.com.br\/index.php\/wp-json\/wp\/v2\/types\/post"}],"author":[{"embeddable":true,"href":"http:\/\/conviversabersocial.com.br\/index.php\/wp-json\/wp\/v2\/users\/1"}],"replies":[{"embeddable":true,"href":"http:\/\/conviversabersocial.com.br\/index.php\/wp-json\/wp\/v2\/comments?post=805"}],"version-history":[{"count":4,"href":"http:\/\/conviversabersocial.com.br\/index.php\/wp-json\/wp\/v2\/posts\/805\/revisions"}],"predecessor-version":[{"id":869,"href":"http:\/\/conviversabersocial.com.br\/index.php\/wp-json\/wp\/v2\/posts\/805\/revisions\/869"}],"wp:featuredmedia":[{"embeddable":true,"href":"http:\/\/conviversabersocial.com.br\/index.php\/wp-json\/wp\/v2\/media\/811"}],"wp:attachment":[{"href":"http:\/\/conviversabersocial.com.br\/index.php\/wp-json\/wp\/v2\/media?parent=805"}],"wp:term":[{"taxonomy":"category","embeddable":true,"href":"http:\/\/conviversabersocial.com.br\/index.php\/wp-json\/wp\/v2\/categories?post=805"},{"taxonomy":"post_tag","embeddable":true,"href":"http:\/\/conviversabersocial.com.br\/index.php\/wp-json\/wp\/v2\/tags?post=805"}],"curies":[{"name":"wp","href":"https:\/\/api.w.org\/{rel}","templated":true}]}}