{"id":743,"date":"2015-05-22T04:07:02","date_gmt":"2015-05-22T04:07:02","guid":{"rendered":"http:\/\/conviversabersocial.com.br\/?p=743"},"modified":"2015-05-25T13:41:33","modified_gmt":"2015-05-25T13:41:33","slug":"plano-para-melhorar-espaco-cultural-oficina-dos-sonhos","status":"publish","type":"post","link":"http:\/\/conviversabersocial.com.br\/index.php\/plano-para-melhorar-espaco-cultural-oficina-dos-sonhos\/","title":{"rendered":"Plano para melhorar: Espa\u00e7o Cultural Oficina dos Sonhos"},"content":{"rendered":"<p>Toda organiza\u00e7\u00e3o social viva est\u00e1 em constante crescimento, evolu\u00e7\u00e3o e atualiza\u00e7\u00e3o. O CERC\/Projeto Voo Livre com o amadurecimento e crescimento do seu trabalho de arte educa\u00e7\u00e3o e de promo\u00e7\u00e3o de espet\u00e1culos e eventos art\u00edsticos e culturais vislumbra ampliar a \u00e1rea do Espa\u00e7o Cultural Oficina dos Sonhos.<\/p>\n<p>Conhe\u00e7a o plano para melhorar o espa\u00e7o! Quem sabe voc\u00ea encontra alguma forma de contribuir para aumentar um espa\u00e7o que leva arte, educa\u00e7\u00e3o e cultura para a popula\u00e7\u00e3o de Confins?<\/p>\n<p>1- Adquirir um ou dois lotes que fazem divisa com\u00a0o Espa\u00e7o Cultural Oficina dos Sonhos. Um deles est\u00e1 localizado na lateral da \u00e1rea constru\u00edda e o outro no fundo. Com essa aquisi\u00e7\u00e3o, ser\u00e1 poss\u00edvel:<\/p>\n<ul>\n<li>ampliar o sal\u00e3o de oficinas, permitindo tamb\u00e9m receber um p\u00fablico maior quando usado para apresenta\u00e7\u00f5es;<\/li>\n<li>abrir\u00a0uma nova entrada para melhorar o\u00a0acesso de pessoas com defici\u00eancia e necessidades especiais e tamb\u00e9m a carga e descarga de cen\u00e1rios e equipamentos diretamente dentro do espa\u00e7o;<\/li>\n<li>ampliar a \u00e1rea externa plana para novas ocupa\u00e7\u00f5es e instala\u00e7\u00f5es do \u00a0CERC \/ Voo Livre.<\/li>\n<\/ul>\n<div id='gallery-1' class='gallery galleryid-743 gallery-columns-3 gallery-size-medium'><figure class='gallery-item'>\n\t\t\t<div class='gallery-icon landscape'>\n\t\t\t\t<a href='http:\/\/conviversabersocial.com.br\/index.php\/plano-para-melhorar-espaco-cultural-oficina-dos-sonhos\/100_n\/'><img width=\"300\" height=\"225\" src=\"http:\/\/conviversabersocial.com.br\/wp-content\/uploads\/2015\/05\/100_n-300x225.jpg\" class=\"attachment-medium size-medium\" alt=\"\" loading=\"lazy\" aria-describedby=\"gallery-1-745\" srcset=\"http:\/\/conviversabersocial.com.br\/wp-content\/uploads\/2015\/05\/100_n-300x225.jpg 300w, http:\/\/conviversabersocial.com.br\/wp-content\/uploads\/2015\/05\/100_n.jpg 960w\" sizes=\"(max-width: 300px) 100vw, 300px\" \/><\/a>\n\t\t\t<\/div>\n\t\t\t\t<figcaption class='wp-caption-text gallery-caption' id='gallery-1-745'>\n\t\t\t\tVista parcial terrenos lateral e fundo.\n\t\t\t\t<\/figcaption><\/figure><figure class='gallery-item'>\n\t\t\t<div class='gallery-icon landscape'>\n\t\t\t\t<a href='http:\/\/conviversabersocial.com.br\/index.php\/plano-para-melhorar-espaco-cultural-oficina-dos-sonhos\/img_7588\/'><img width=\"300\" height=\"225\" src=\"http:\/\/conviversabersocial.com.br\/wp-content\/uploads\/2015\/05\/IMG_7588-300x225.jpg\" class=\"attachment-medium size-medium\" alt=\"\" loading=\"lazy\" aria-describedby=\"gallery-1-746\" srcset=\"http:\/\/conviversabersocial.com.br\/wp-content\/uploads\/2015\/05\/IMG_7588-300x225.jpg 300w, http:\/\/conviversabersocial.com.br\/wp-content\/uploads\/2015\/05\/IMG_7588.jpg 800w\" sizes=\"(max-width: 300px) 100vw, 300px\" \/><\/a>\n\t\t\t<\/div>\n\t\t\t\t<figcaption class='wp-caption-text gallery-caption' id='gallery-1-746'>\n\t\t\t\tEntrada Espa\u00e7o Cultural Oficina dos Sonhos\n\t\t\t\t<\/figcaption><\/figure><figure class='gallery-item'>\n\t\t\t<div class='gallery-icon landscape'>\n\t\t\t\t<a href='http:\/\/conviversabersocial.com.br\/index.php\/plano-para-melhorar-espaco-cultural-oficina-dos-sonhos\/99_n\/'><img width=\"300\" height=\"225\" src=\"http:\/\/conviversabersocial.com.br\/wp-content\/uploads\/2015\/05\/99_n-300x225.jpg\" class=\"attachment-medium size-medium\" alt=\"\" loading=\"lazy\" aria-describedby=\"gallery-1-744\" srcset=\"http:\/\/conviversabersocial.com.br\/wp-content\/uploads\/2015\/05\/99_n-300x225.jpg 300w, http:\/\/conviversabersocial.com.br\/wp-content\/uploads\/2015\/05\/99_n.jpg 960w\" sizes=\"(max-width: 300px) 100vw, 300px\" \/><\/a>\n\t\t\t<\/div>\n\t\t\t\t<figcaption class='wp-caption-text gallery-caption' id='gallery-1-744'>\n\t\t\t\tVista parcial terrenos lateral e fundo.\n\t\t\t\t<\/figcaption><\/figure>\n\t\t<\/div>\n\n<p>2 &#8211; Ampliar e fechar parcialmente a varanda\u00a0que fica no jardim, preservando a vista de forma a\u00a0garantir a vis\u00e3o do que acontece nas aulas aos familiares e visitantes. A varanda fica um n\u00edvel acima do sal\u00e3o multi-uso onde acontecem as oficinas. A organiza\u00e7\u00e3o pensa em fech\u00e1-la com portas, grandes janelas de correr ou sanfonadas.<\/p>\n<div id='gallery-2' class='gallery galleryid-743 gallery-columns-5 gallery-size-medium'><figure class='gallery-item'>\n\t\t\t<div class='gallery-icon landscape'>\n\t\t\t\t<a href='http:\/\/conviversabersocial.com.br\/index.php\/plano-para-melhorar-espaco-cultural-oficina-dos-sonhos\/img_7550\/'><img width=\"300\" height=\"225\" src=\"http:\/\/conviversabersocial.com.br\/wp-content\/uploads\/2015\/05\/IMG_7550-300x225.jpg\" class=\"attachment-medium size-medium\" alt=\"\" loading=\"lazy\" aria-describedby=\"gallery-2-750\" srcset=\"http:\/\/conviversabersocial.com.br\/wp-content\/uploads\/2015\/05\/IMG_7550-300x225.jpg 300w, http:\/\/conviversabersocial.com.br\/wp-content\/uploads\/2015\/05\/IMG_7550.jpg 667w\" sizes=\"(max-width: 300px) 100vw, 300px\" \/><\/a>\n\t\t\t<\/div>\n\t\t\t\t<figcaption class='wp-caption-text gallery-caption' id='gallery-2-750'>\n\t\t\t\tVaranda do jardim. Parede do fundo que j\u00e1 \u00e9 fechada e \u00e1rea gramada que ser\u00e1 usada em parte para amplia\u00e7\u00e3o da varanda.\n\t\t\t\t<\/figcaption><\/figure><figure class='gallery-item'>\n\t\t\t<div class='gallery-icon landscape'>\n\t\t\t\t<a href='http:\/\/conviversabersocial.com.br\/index.php\/plano-para-melhorar-espaco-cultural-oficina-dos-sonhos\/img_7591\/'><img width=\"300\" height=\"225\" src=\"http:\/\/conviversabersocial.com.br\/wp-content\/uploads\/2015\/05\/IMG_7591-300x225.jpg\" class=\"attachment-medium size-medium\" alt=\"\" loading=\"lazy\" aria-describedby=\"gallery-2-751\" srcset=\"http:\/\/conviversabersocial.com.br\/wp-content\/uploads\/2015\/05\/IMG_7591-300x225.jpg 300w, http:\/\/conviversabersocial.com.br\/wp-content\/uploads\/2015\/05\/IMG_7591.jpg 667w\" sizes=\"(max-width: 300px) 100vw, 300px\" \/><\/a>\n\t\t\t<\/div>\n\t\t\t\t<figcaption class='wp-caption-text gallery-caption' id='gallery-2-751'>\n\t\t\t\tLateral esquerda da Varanda, hoje uma das vias de acesso \u00e0s demais \u00e1reas do Espa\u00e7o, passando por dentro da varanda.\n\t\t\t\t<\/figcaption><\/figure><figure class='gallery-item'>\n\t\t\t<div class='gallery-icon landscape'>\n\t\t\t\t<a href='http:\/\/conviversabersocial.com.br\/index.php\/plano-para-melhorar-espaco-cultural-oficina-dos-sonhos\/img_7617\/'><img width=\"300\" height=\"225\" src=\"http:\/\/conviversabersocial.com.br\/wp-content\/uploads\/2015\/05\/IMG_7617-300x225.jpg\" class=\"attachment-medium size-medium\" alt=\"\" loading=\"lazy\" aria-describedby=\"gallery-2-752\" srcset=\"http:\/\/conviversabersocial.com.br\/wp-content\/uploads\/2015\/05\/IMG_7617-300x225.jpg 300w, http:\/\/conviversabersocial.com.br\/wp-content\/uploads\/2015\/05\/IMG_7617.jpg 667w\" sizes=\"(max-width: 300px) 100vw, 300px\" \/><\/a>\n\t\t\t<\/div>\n\t\t\t\t<figcaption class='wp-caption-text gallery-caption' id='gallery-2-752'>\n\t\t\t\tLateral direita da varanda, tamb\u00e9m via de acesso \u00e0s \u00e1reas constru\u00eddas do espa\u00e7o.\n\t\t\t\t<\/figcaption><\/figure><figure class='gallery-item'>\n\t\t\t<div class='gallery-icon landscape'>\n\t\t\t\t<a href='http:\/\/conviversabersocial.com.br\/index.php\/plano-para-melhorar-espaco-cultural-oficina-dos-sonhos\/img_7623\/'><img width=\"300\" height=\"225\" src=\"http:\/\/conviversabersocial.com.br\/wp-content\/uploads\/2015\/05\/IMG_7623-300x225.jpg\" class=\"attachment-medium size-medium\" alt=\"\" loading=\"lazy\" aria-describedby=\"gallery-2-753\" srcset=\"http:\/\/conviversabersocial.com.br\/wp-content\/uploads\/2015\/05\/IMG_7623-300x225.jpg 300w, http:\/\/conviversabersocial.com.br\/wp-content\/uploads\/2015\/05\/IMG_7623.jpg 667w\" sizes=\"(max-width: 300px) 100vw, 300px\" \/><\/a>\n\t\t\t<\/div>\n\t\t\t\t<figcaption class='wp-caption-text gallery-caption' id='gallery-2-753'>\n\t\t\t\tVaranda vista dos n\u00edveis inferiores do terreno.\n\t\t\t\t<\/figcaption><\/figure><figure class='gallery-item'>\n\t\t\t<div class='gallery-icon landscape'>\n\t\t\t\t<a href='http:\/\/conviversabersocial.com.br\/index.php\/plano-para-melhorar-espaco-cultural-oficina-dos-sonhos\/img_7627\/'><img width=\"300\" height=\"225\" src=\"http:\/\/conviversabersocial.com.br\/wp-content\/uploads\/2015\/05\/IMG_7627-300x225.jpg\" class=\"attachment-medium size-medium\" alt=\"\" loading=\"lazy\" aria-describedby=\"gallery-2-754\" srcset=\"http:\/\/conviversabersocial.com.br\/wp-content\/uploads\/2015\/05\/IMG_7627-300x225.jpg 300w, http:\/\/conviversabersocial.com.br\/wp-content\/uploads\/2015\/05\/IMG_7627.jpg 667w\" sizes=\"(max-width: 300px) 100vw, 300px\" \/><\/a>\n\t\t\t<\/div>\n\t\t\t\t<figcaption class='wp-caption-text gallery-caption' id='gallery-2-754'>\n\t\t\t\tVista da varanda dos n\u00edveis inferiores do terreno.\n\t\t\t\t<\/figcaption><\/figure>\n\t\t<\/div>\n\n<p>3 \u2013 Construir uma nova sala para a biblioteca. Atualmente, a biblioteca funciona no mesmo espa\u00e7o que a secretaria.<\/p>\n<div id='gallery-3' class='gallery galleryid-743 gallery-columns-4 gallery-size-medium'><figure class='gallery-item'>\n\t\t\t<div class='gallery-icon landscape'>\n\t\t\t\t<a href='http:\/\/conviversabersocial.com.br\/index.php\/plano-para-melhorar-espaco-cultural-oficina-dos-sonhos\/img_7738\/'><img width=\"300\" height=\"168\" src=\"http:\/\/conviversabersocial.com.br\/wp-content\/uploads\/2015\/05\/IMG_7738-300x168.jpg\" class=\"attachment-medium size-medium\" alt=\"\" loading=\"lazy\" aria-describedby=\"gallery-3-755\" srcset=\"http:\/\/conviversabersocial.com.br\/wp-content\/uploads\/2015\/05\/IMG_7738-300x168.jpg 300w, http:\/\/conviversabersocial.com.br\/wp-content\/uploads\/2015\/05\/IMG_7738.jpg 578w\" sizes=\"(max-width: 300px) 100vw, 300px\" \/><\/a>\n\t\t\t<\/div>\n\t\t\t\t<figcaption class='wp-caption-text gallery-caption' id='gallery-3-755'>\n\t\t\t\t\u00c1rea logo na entrada atual, pela Rua Jos\u00e9 Gon\u00e7alves Neves. Op\u00e7\u00e3o para constru\u00e7\u00e3o de uma nova sala para secretaria, deixando a biblioteca na sala atual.\n\t\t\t\t<\/figcaption><\/figure><figure class='gallery-item'>\n\t\t\t<div class='gallery-icon landscape'>\n\t\t\t\t<a href='http:\/\/conviversabersocial.com.br\/index.php\/plano-para-melhorar-espaco-cultural-oficina-dos-sonhos\/img_7548\/'><img width=\"300\" height=\"225\" src=\"http:\/\/conviversabersocial.com.br\/wp-content\/uploads\/2015\/05\/IMG_7548-300x225.jpg\" class=\"attachment-medium size-medium\" alt=\"\" loading=\"lazy\" aria-describedby=\"gallery-3-756\" srcset=\"http:\/\/conviversabersocial.com.br\/wp-content\/uploads\/2015\/05\/IMG_7548-300x225.jpg 300w, http:\/\/conviversabersocial.com.br\/wp-content\/uploads\/2015\/05\/IMG_7548.jpg 667w\" sizes=\"(max-width: 300px) 100vw, 300px\" \/><\/a>\n\t\t\t<\/div>\n\t\t\t\t<figcaption class='wp-caption-text gallery-caption' id='gallery-3-756'>\n\t\t\t\tEm Verde, sala onde \u00e9 hoje a Secretaria e Biblioteca.\n\t\t\t\t<\/figcaption><\/figure><figure class='gallery-item'>\n\t\t\t<div class='gallery-icon landscape'>\n\t\t\t\t<a href='http:\/\/conviversabersocial.com.br\/index.php\/plano-para-melhorar-espaco-cultural-oficina-dos-sonhos\/img_7587\/'><img width=\"300\" height=\"225\" src=\"http:\/\/conviversabersocial.com.br\/wp-content\/uploads\/2015\/05\/IMG_7587-300x225.jpg\" class=\"attachment-medium size-medium\" alt=\"\" loading=\"lazy\" aria-describedby=\"gallery-3-757\" srcset=\"http:\/\/conviversabersocial.com.br\/wp-content\/uploads\/2015\/05\/IMG_7587-300x225.jpg 300w, http:\/\/conviversabersocial.com.br\/wp-content\/uploads\/2015\/05\/IMG_7587.jpg 667w\" sizes=\"(max-width: 300px) 100vw, 300px\" \/><\/a>\n\t\t\t<\/div>\n\t\t\t\t<figcaption class='wp-caption-text gallery-caption' id='gallery-3-757'>\n\t\t\t\t\u00c1rea lateral ao acesso chegando na varanda aberta no jardim.\n\t\t\t\t<\/figcaption><\/figure><figure class='gallery-item'>\n\t\t\t<div class='gallery-icon landscape'>\n\t\t\t\t<a href='http:\/\/conviversabersocial.com.br\/index.php\/plano-para-melhorar-espaco-cultural-oficina-dos-sonhos\/img_7611\/'><img width=\"300\" height=\"225\" src=\"http:\/\/conviversabersocial.com.br\/wp-content\/uploads\/2015\/05\/IMG_7611-300x225.jpg\" class=\"attachment-medium size-medium\" alt=\"\" loading=\"lazy\" aria-describedby=\"gallery-3-758\" srcset=\"http:\/\/conviversabersocial.com.br\/wp-content\/uploads\/2015\/05\/IMG_7611-300x225.jpg 300w, http:\/\/conviversabersocial.com.br\/wp-content\/uploads\/2015\/05\/IMG_7611.jpg 667w\" sizes=\"(max-width: 300px) 100vw, 300px\" \/><\/a>\n\t\t\t<\/div>\n\t\t\t\t<figcaption class='wp-caption-text gallery-caption' id='gallery-3-758'>\n\t\t\t\t\u00c1rea acima da atual Secretaria (em verde).\n\t\t\t\t<\/figcaption><\/figure>\n\t\t<\/div>\n\n<p>4- Arquibancada pantogr\u00e1fica para ser usada como palco ou assento para a plat\u00e9ia.<\/p>\n<p>5- Piso flutuante para o sal\u00e3o multiuso<\/p>\n<p>6- Instalar barra anti-p\u00e2nico nas portas de entrada e sa\u00edda do sal\u00e3o multiuso.<\/p>\n<div id='gallery-4' class='gallery galleryid-743 gallery-columns-3 gallery-size-medium'><figure class='gallery-item'>\n\t\t\t<div class='gallery-icon landscape'>\n\t\t\t\t<a href='http:\/\/conviversabersocial.com.br\/index.php\/plano-para-melhorar-espaco-cultural-oficina-dos-sonhos\/img_7633\/'><img width=\"300\" height=\"225\" src=\"http:\/\/conviversabersocial.com.br\/wp-content\/uploads\/2015\/05\/IMG_7633-300x225.jpg\" class=\"attachment-medium size-medium\" alt=\"\" loading=\"lazy\" aria-describedby=\"gallery-4-759\" srcset=\"http:\/\/conviversabersocial.com.br\/wp-content\/uploads\/2015\/05\/IMG_7633-300x225.jpg 300w, http:\/\/conviversabersocial.com.br\/wp-content\/uploads\/2015\/05\/IMG_7633.jpg 667w\" sizes=\"(max-width: 300px) 100vw, 300px\" \/><\/a>\n\t\t\t<\/div>\n\t\t\t\t<figcaption class='wp-caption-text gallery-caption' id='gallery-4-759'>\n\t\t\t\tCom\u00a07,3m x 5m, cabe a\u00a0arquibancada pantogr\u00e1fica. N\u00e3o\u00a0havendo necessidade de fechamento das cortinas podem ser usadas\u00a0arquibancadas em qualquer formato, inclusive arena para acomodar plateia. \n\t\t\t\t<\/figcaption><\/figure><figure class='gallery-item'>\n\t\t\t<div class='gallery-icon portrait'>\n\t\t\t\t<a href='http:\/\/conviversabersocial.com.br\/index.php\/plano-para-melhorar-espaco-cultural-oficina-dos-sonhos\/img_7631\/'><img width=\"225\" height=\"300\" src=\"http:\/\/conviversabersocial.com.br\/wp-content\/uploads\/2015\/05\/IMG_7631-225x300.jpg\" class=\"attachment-medium size-medium\" alt=\"\" loading=\"lazy\" aria-describedby=\"gallery-4-760\" srcset=\"http:\/\/conviversabersocial.com.br\/wp-content\/uploads\/2015\/05\/IMG_7631-225x300.jpg 225w, http:\/\/conviversabersocial.com.br\/wp-content\/uploads\/2015\/05\/IMG_7631.jpg 500w\" sizes=\"(max-width: 225px) 100vw, 225px\" \/><\/a>\n\t\t\t<\/div>\n\t\t\t\t<figcaption class='wp-caption-text gallery-caption' id='gallery-4-760'>\n\t\t\t\tO piso flutuante seria instalado a partir da \u00e1rea delimitada para palco italiano at\u00e9\u00a0recuo de cerca de um metro da porta de entrada, com uma\u00a0rampa de acessibilidade em frente a porta.\n\t\t\t\t<\/figcaption><\/figure><figure class='gallery-item'>\n\t\t\t<div class='gallery-icon portrait'>\n\t\t\t\t<a href='http:\/\/conviversabersocial.com.br\/index.php\/plano-para-melhorar-espaco-cultural-oficina-dos-sonhos\/img_7584\/'><img width=\"225\" height=\"300\" src=\"http:\/\/conviversabersocial.com.br\/wp-content\/uploads\/2015\/05\/IMG_7584-225x300.jpg\" class=\"attachment-medium size-medium\" alt=\"\" loading=\"lazy\" aria-describedby=\"gallery-4-761\" srcset=\"http:\/\/conviversabersocial.com.br\/wp-content\/uploads\/2015\/05\/IMG_7584-225x300.jpg 225w, http:\/\/conviversabersocial.com.br\/wp-content\/uploads\/2015\/05\/IMG_7584.jpg 500w\" sizes=\"(max-width: 225px) 100vw, 225px\" \/><\/a>\n\t\t\t<\/div>\n\t\t\t\t<figcaption class='wp-caption-text gallery-caption' id='gallery-4-761'>\n\t\t\t\tPorta de sa\u00edda de fundo de palco do sal\u00e3o multi-\u00aduso\n\t\t\t\t<\/figcaption><\/figure>\n\t\t<\/div>\n\n<p>7 \u2013 Instala\u00e7\u00e3o de divis\u00f3ria e bancada penteadeira no banheiro feminino, compondo camarim fechado para troca de roupa e maquiagem independente dos boxes com vasos sanit\u00e1rios.<\/p>\n<p>8- Mudan\u00e7a no sistema de abertura das portas dos banheiros, para que abram para fora.<\/p>\n<p>9- Fechamento com arm\u00e1rios das \u00e1reas embaixo das pias dos banheiros feminino e masculino e na \u00e1rea embaixo da pia da cozinha.<\/p>\n<div id='gallery-5' class='gallery galleryid-743 gallery-columns-5 gallery-size-medium'><figure class='gallery-item'>\n\t\t\t<div class='gallery-icon landscape'>\n\t\t\t\t<a href='http:\/\/conviversabersocial.com.br\/index.php\/plano-para-melhorar-espaco-cultural-oficina-dos-sonhos\/img_7564\/'><img width=\"300\" height=\"225\" src=\"http:\/\/conviversabersocial.com.br\/wp-content\/uploads\/2015\/05\/IMG_7564-300x225.jpg\" class=\"attachment-medium size-medium\" alt=\"\" loading=\"lazy\" srcset=\"http:\/\/conviversabersocial.com.br\/wp-content\/uploads\/2015\/05\/IMG_7564-300x225.jpg 300w, http:\/\/conviversabersocial.com.br\/wp-content\/uploads\/2015\/05\/IMG_7564.jpg 667w\" sizes=\"(max-width: 300px) 100vw, 300px\" \/><\/a>\n\t\t\t<\/div><\/figure><figure class='gallery-item'>\n\t\t\t<div class='gallery-icon portrait'>\n\t\t\t\t<a href='http:\/\/conviversabersocial.com.br\/index.php\/plano-para-melhorar-espaco-cultural-oficina-dos-sonhos\/img_7724\/'><img width=\"169\" height=\"300\" src=\"http:\/\/conviversabersocial.com.br\/wp-content\/uploads\/2015\/05\/IMG_7724-169x300.jpg\" class=\"attachment-medium size-medium\" alt=\"\" loading=\"lazy\" srcset=\"http:\/\/conviversabersocial.com.br\/wp-content\/uploads\/2015\/05\/IMG_7724-169x300.jpg 169w, http:\/\/conviversabersocial.com.br\/wp-content\/uploads\/2015\/05\/IMG_7724.jpg 325w\" sizes=\"(max-width: 169px) 100vw, 169px\" \/><\/a>\n\t\t\t<\/div><\/figure><figure class='gallery-item'>\n\t\t\t<div class='gallery-icon landscape'>\n\t\t\t\t<a href='http:\/\/conviversabersocial.com.br\/index.php\/plano-para-melhorar-espaco-cultural-oficina-dos-sonhos\/img_7728\/'><img width=\"300\" height=\"168\" src=\"http:\/\/conviversabersocial.com.br\/wp-content\/uploads\/2015\/05\/IMG_7728-300x168.jpg\" class=\"attachment-medium size-medium\" alt=\"\" loading=\"lazy\" srcset=\"http:\/\/conviversabersocial.com.br\/wp-content\/uploads\/2015\/05\/IMG_7728-300x168.jpg 300w, http:\/\/conviversabersocial.com.br\/wp-content\/uploads\/2015\/05\/IMG_7728.jpg 578w\" sizes=\"(max-width: 300px) 100vw, 300px\" \/><\/a>\n\t\t\t<\/div><\/figure><figure class='gallery-item'>\n\t\t\t<div class='gallery-icon landscape'>\n\t\t\t\t<a href='http:\/\/conviversabersocial.com.br\/index.php\/plano-para-melhorar-espaco-cultural-oficina-dos-sonhos\/img_7560\/'><img width=\"300\" height=\"225\" src=\"http:\/\/conviversabersocial.com.br\/wp-content\/uploads\/2015\/05\/IMG_7560-300x225.jpg\" class=\"attachment-medium size-medium\" alt=\"\" loading=\"lazy\" srcset=\"http:\/\/conviversabersocial.com.br\/wp-content\/uploads\/2015\/05\/IMG_7560-300x225.jpg 300w, http:\/\/conviversabersocial.com.br\/wp-content\/uploads\/2015\/05\/IMG_7560.jpg 667w\" sizes=\"(max-width: 300px) 100vw, 300px\" \/><\/a>\n\t\t\t<\/div><\/figure><figure class='gallery-item'>\n\t\t\t<div class='gallery-icon landscape'>\n\t\t\t\t<a href='http:\/\/conviversabersocial.com.br\/index.php\/plano-para-melhorar-espaco-cultural-oficina-dos-sonhos\/img_7562\/'><img width=\"300\" height=\"225\" src=\"http:\/\/conviversabersocial.com.br\/wp-content\/uploads\/2015\/05\/IMG_7562-300x225.jpg\" class=\"attachment-medium size-medium\" alt=\"\" loading=\"lazy\" srcset=\"http:\/\/conviversabersocial.com.br\/wp-content\/uploads\/2015\/05\/IMG_7562-300x225.jpg 300w, http:\/\/conviversabersocial.com.br\/wp-content\/uploads\/2015\/05\/IMG_7562.jpg 667w\" sizes=\"(max-width: 300px) 100vw, 300px\" \/><\/a>\n\t\t\t<\/div><\/figure>\n\t\t<\/div>\n\n<p>10- Reparar e reinstalar as calhas de escoamento de \u00e1gua de chuva no caminho de acesso entre a secretaria e o sal\u00e3o multi-uso.<\/p>\n<div id='gallery-6' class='gallery galleryid-743 gallery-columns-3 gallery-size-medium'><figure class='gallery-item'>\n\t\t\t<div class='gallery-icon portrait'>\n\t\t\t\t<a href='http:\/\/conviversabersocial.com.br\/index.php\/plano-para-melhorar-espaco-cultural-oficina-dos-sonhos\/img_7722\/'><img width=\"169\" height=\"300\" src=\"http:\/\/conviversabersocial.com.br\/wp-content\/uploads\/2015\/05\/IMG_7722-169x300.jpg\" class=\"attachment-medium size-medium\" alt=\"\" loading=\"lazy\" srcset=\"http:\/\/conviversabersocial.com.br\/wp-content\/uploads\/2015\/05\/IMG_7722-169x300.jpg 169w, http:\/\/conviversabersocial.com.br\/wp-content\/uploads\/2015\/05\/IMG_7722.jpg 325w\" sizes=\"(max-width: 169px) 100vw, 169px\" \/><\/a>\n\t\t\t<\/div><\/figure><figure class='gallery-item'>\n\t\t\t<div class='gallery-icon landscape'>\n\t\t\t\t<a href='http:\/\/conviversabersocial.com.br\/index.php\/plano-para-melhorar-espaco-cultural-oficina-dos-sonhos\/img_7720\/'><img width=\"300\" height=\"168\" src=\"http:\/\/conviversabersocial.com.br\/wp-content\/uploads\/2015\/05\/IMG_7720-300x168.jpg\" class=\"attachment-medium size-medium\" alt=\"\" loading=\"lazy\" srcset=\"http:\/\/conviversabersocial.com.br\/wp-content\/uploads\/2015\/05\/IMG_7720-300x168.jpg 300w, http:\/\/conviversabersocial.com.br\/wp-content\/uploads\/2015\/05\/IMG_7720.jpg 578w\" sizes=\"(max-width: 300px) 100vw, 300px\" \/><\/a>\n\t\t\t<\/div><\/figure><figure class='gallery-item'>\n\t\t\t<div class='gallery-icon portrait'>\n\t\t\t\t<a href='http:\/\/conviversabersocial.com.br\/index.php\/plano-para-melhorar-espaco-cultural-oficina-dos-sonhos\/img_7721\/'><img width=\"169\" height=\"300\" src=\"http:\/\/conviversabersocial.com.br\/wp-content\/uploads\/2015\/05\/IMG_7721-169x300.jpg\" class=\"attachment-medium size-medium\" alt=\"\" loading=\"lazy\" srcset=\"http:\/\/conviversabersocial.com.br\/wp-content\/uploads\/2015\/05\/IMG_7721-169x300.jpg 169w, http:\/\/conviversabersocial.com.br\/wp-content\/uploads\/2015\/05\/IMG_7721.jpg 325w\" sizes=\"(max-width: 169px) 100vw, 169px\" \/><\/a>\n\t\t\t<\/div><\/figure>\n\t\t<\/div>\n\n<p>&nbsp;<\/p>\n<p>11- Fazer manuten\u00e7\u00e3o do telhado do sal\u00e3o multi-uso, retirando as goteiras.<\/p>\n<p>12- Instalar barras de acessibilidade e piso antiderrapante no port\u00e3o de entrada at\u00e9 o sal\u00e3o multi-uso e da varanda do jardim at\u00e9 a secretaria.<\/p>\n<div id='gallery-7' class='gallery galleryid-743 gallery-columns-4 gallery-size-medium'><figure class='gallery-item'>\n\t\t\t<div class='gallery-icon portrait'>\n\t\t\t\t<a href='http:\/\/conviversabersocial.com.br\/index.php\/plano-para-melhorar-espaco-cultural-oficina-dos-sonhos\/img_7737\/'><img width=\"169\" height=\"300\" src=\"http:\/\/conviversabersocial.com.br\/wp-content\/uploads\/2015\/05\/IMG_7737-169x300.jpg\" class=\"attachment-medium size-medium\" alt=\"\" loading=\"lazy\" srcset=\"http:\/\/conviversabersocial.com.br\/wp-content\/uploads\/2015\/05\/IMG_7737-169x300.jpg 169w, http:\/\/conviversabersocial.com.br\/wp-content\/uploads\/2015\/05\/IMG_7737.jpg 325w\" sizes=\"(max-width: 169px) 100vw, 169px\" \/><\/a>\n\t\t\t<\/div><\/figure><figure class='gallery-item'>\n\t\t\t<div class='gallery-icon portrait'>\n\t\t\t\t<a href='http:\/\/conviversabersocial.com.br\/index.php\/plano-para-melhorar-espaco-cultural-oficina-dos-sonhos\/img_7529\/'><img width=\"225\" height=\"300\" src=\"http:\/\/conviversabersocial.com.br\/wp-content\/uploads\/2015\/05\/IMG_7529-225x300.jpg\" class=\"attachment-medium size-medium\" alt=\"\" loading=\"lazy\" srcset=\"http:\/\/conviversabersocial.com.br\/wp-content\/uploads\/2015\/05\/IMG_7529-225x300.jpg 225w, http:\/\/conviversabersocial.com.br\/wp-content\/uploads\/2015\/05\/IMG_7529.jpg 500w\" sizes=\"(max-width: 225px) 100vw, 225px\" \/><\/a>\n\t\t\t<\/div><\/figure><figure class='gallery-item'>\n\t\t\t<div class='gallery-icon portrait'>\n\t\t\t\t<a href='http:\/\/conviversabersocial.com.br\/index.php\/plano-para-melhorar-espaco-cultural-oficina-dos-sonhos\/img_7586\/'><img width=\"225\" height=\"300\" src=\"http:\/\/conviversabersocial.com.br\/wp-content\/uploads\/2015\/05\/IMG_7586-225x300.jpg\" class=\"attachment-medium size-medium\" alt=\"\" loading=\"lazy\" srcset=\"http:\/\/conviversabersocial.com.br\/wp-content\/uploads\/2015\/05\/IMG_7586-225x300.jpg 225w, http:\/\/conviversabersocial.com.br\/wp-content\/uploads\/2015\/05\/IMG_7586.jpg 500w\" sizes=\"(max-width: 225px) 100vw, 225px\" \/><\/a>\n\t\t\t<\/div><\/figure><figure class='gallery-item'>\n\t\t\t<div class='gallery-icon landscape'>\n\t\t\t\t<a href='http:\/\/conviversabersocial.com.br\/index.php\/plano-para-melhorar-espaco-cultural-oficina-dos-sonhos\/img_7730\/'><img width=\"300\" height=\"168\" src=\"http:\/\/conviversabersocial.com.br\/wp-content\/uploads\/2015\/05\/IMG_7730-300x168.jpg\" class=\"attachment-medium size-medium\" alt=\"\" loading=\"lazy\" srcset=\"http:\/\/conviversabersocial.com.br\/wp-content\/uploads\/2015\/05\/IMG_7730-300x168.jpg 300w, http:\/\/conviversabersocial.com.br\/wp-content\/uploads\/2015\/05\/IMG_7730.jpg 578w\" sizes=\"(max-width: 300px) 100vw, 300px\" \/><\/a>\n\t\t\t<\/div><\/figure>\n\t\t<\/div>\n\n<p><a href=\"http:\/\/eepurl.com\/bofPn1\"><img loading=\"lazy\" class=\"aligncenter wp-image-157 size-medium\" src=\"http:\/\/conviversabersocial.com.br\/wp-content\/uploads\/2014\/12\/voltar-300x38.png\" alt=\"voltar\" width=\"300\" height=\"38\" srcset=\"http:\/\/conviversabersocial.com.br\/wp-content\/uploads\/2014\/12\/voltar-300x38.png 300w, http:\/\/conviversabersocial.com.br\/wp-content\/uploads\/2014\/12\/voltar.png 468w\" sizes=\"(max-width: 300px) 100vw, 300px\" \/><\/a><\/p>\n","protected":false},"excerpt":{"rendered":"<p>Toda organiza\u00e7\u00e3o social viva est\u00e1 em constante crescimento, evolu\u00e7\u00e3o e atualiza\u00e7\u00e3o. O CERC\/Projeto Voo Livre com o amadurecimento e crescimento do seu trabalho de arte educa\u00e7\u00e3o e de promo\u00e7\u00e3o de espet\u00e1culos e eventos art\u00edsticos e culturais vislumbra ampliar a \u00e1rea do Espa\u00e7o Cultural Oficina dos Sonhos. Conhe\u00e7a o plano para melhorar o espa\u00e7o! Quem sabe [&hellip;]<\/p>\n","protected":false},"author":1,"featured_media":746,"comment_status":"open","ping_status":"open","sticky":false,"template":"","format":"standard","meta":[],"categories":[2],"tags":[7,187,22,29,36,229,46,231,232,103],"_links":{"self":[{"href":"http:\/\/conviversabersocial.com.br\/index.php\/wp-json\/wp\/v2\/posts\/743"}],"collection":[{"href":"http:\/\/conviversabersocial.com.br\/index.php\/wp-json\/wp\/v2\/posts"}],"about":[{"href":"http:\/\/conviversabersocial.com.br\/index.php\/wp-json\/wp\/v2\/types\/post"}],"author":[{"embeddable":true,"href":"http:\/\/conviversabersocial.com.br\/index.php\/wp-json\/wp\/v2\/users\/1"}],"replies":[{"embeddable":true,"href":"http:\/\/conviversabersocial.com.br\/index.php\/wp-json\/wp\/v2\/comments?post=743"}],"version-history":[{"count":7,"href":"http:\/\/conviversabersocial.com.br\/index.php\/wp-json\/wp\/v2\/posts\/743\/revisions"}],"predecessor-version":[{"id":795,"href":"http:\/\/conviversabersocial.com.br\/index.php\/wp-json\/wp\/v2\/posts\/743\/revisions\/795"}],"wp:featuredmedia":[{"embeddable":true,"href":"http:\/\/conviversabersocial.com.br\/index.php\/wp-json\/wp\/v2\/media\/746"}],"wp:attachment":[{"href":"http:\/\/conviversabersocial.com.br\/index.php\/wp-json\/wp\/v2\/media?parent=743"}],"wp:term":[{"taxonomy":"category","embeddable":true,"href":"http:\/\/conviversabersocial.com.br\/index.php\/wp-json\/wp\/v2\/categories?post=743"},{"taxonomy":"post_tag","embeddable":true,"href":"http:\/\/conviversabersocial.com.br\/index.php\/wp-json\/wp\/v2\/tags?post=743"}],"curies":[{"name":"wp","href":"https:\/\/api.w.org\/{rel}","templated":true}]}}