{"id":688,"date":"2015-04-23T01:10:34","date_gmt":"2015-04-23T01:10:34","guid":{"rendered":"http:\/\/conviversabersocial.com.br\/?p=688"},"modified":"2015-04-23T03:30:24","modified_gmt":"2015-04-23T03:30:24","slug":"a-alegria-do-circo-no-cerc","status":"publish","type":"post","link":"http:\/\/conviversabersocial.com.br\/index.php\/a-alegria-do-circo-no-cerc\/","title":{"rendered":"A Alegria do Circo no Cerc"},"content":{"rendered":"<p>Neste s\u00e1bado, dia 25 de abril, \u00e0s 17h, o Espa\u00e7o Cultural Oficina dos Sonhos, sede do <a href=\"https:\/\/www.facebook.com\/pages\/CERC\/1501020403496029?fref=ts\" target=\"_blank\"><strong>Projeto Voo Livre &#8211; CERC<\/strong><\/a>, em Confins, ir\u00e1 receber o espet\u00e1culo <strong>A Alegria do Circo<\/strong>, da Cia G\u00eamea.<\/p>\n<p>Para a institui\u00e7\u00e3o, esta apresenta\u00e7\u00e3o tem um gosto ainda mais especial, pois <strong>La\u00eds e Thais Oliveira,<\/strong> fundadoras\u00a0da <a href=\"http:\/\/facebook.com\/ciagemea\" target=\"_blank\"><strong>Cia G\u00eamea<\/strong><\/a>\u00a0e respons\u00e1veis pelo espet\u00e1culo, foram alunas do Projeto Voo Livre, depois volunt\u00e1rias e prestadoras de servi\u00e7os, at\u00e9 que foram al\u00e7ar um voo independente. Agora est\u00e3o de volta, como ocupantes do Espa\u00e7o Cultural Oficina dos Sonhos. Em uma pr\u00f3xima edi\u00e7\u00e3o, traremos uma entrevista completa com as g\u00eameas sobre seus anos de alunas no CERC!<\/p>\n<p><img loading=\"lazy\" class=\" size-full wp-image-689 aligncenter\" src=\"http:\/\/conviversabersocial.com.br\/wp-content\/uploads\/2015\/04\/Flyer-A-alegria-do-Circo.jpg\" alt=\"Flyer A alegria do Circo\" width=\"720\" height=\"960\" srcset=\"http:\/\/conviversabersocial.com.br\/wp-content\/uploads\/2015\/04\/Flyer-A-alegria-do-Circo.jpg 720w, http:\/\/conviversabersocial.com.br\/wp-content\/uploads\/2015\/04\/Flyer-A-alegria-do-Circo-225x300.jpg 225w\" sizes=\"(max-width: 720px) 100vw, 720px\" \/><\/p>\n<p><a href=\"http:\/\/eepurl.com\/bkHxAT\"><img loading=\"lazy\" class=\"aligncenter wp-image-157 size-full\" src=\"http:\/\/conviversabersocial.com.br\/wp-content\/uploads\/2014\/12\/voltar.png\" alt=\"voltar\" width=\"468\" height=\"60\" srcset=\"http:\/\/conviversabersocial.com.br\/wp-content\/uploads\/2014\/12\/voltar.png 468w, http:\/\/conviversabersocial.com.br\/wp-content\/uploads\/2014\/12\/voltar-300x38.png 300w\" sizes=\"(max-width: 468px) 100vw, 468px\" \/><\/a><\/p>\n","protected":false},"excerpt":{"rendered":"<p>Neste s\u00e1bado, dia 25 de abril, \u00e0s 17h, o Espa\u00e7o Cultural Oficina dos Sonhos, sede do Projeto Voo Livre &#8211; CERC, em Confins, ir\u00e1 receber o espet\u00e1culo A Alegria do Circo, da Cia G\u00eamea. Para a institui\u00e7\u00e3o, esta apresenta\u00e7\u00e3o tem um gosto ainda mais especial, pois La\u00eds e Thais Oliveira, fundadoras\u00a0da Cia G\u00eamea\u00a0e respons\u00e1veis pelo [&hellip;]<\/p>\n","protected":false},"author":1,"featured_media":689,"comment_status":"open","ping_status":"open","sticky":false,"template":"","format":"standard","meta":[],"categories":[2],"tags":[22,29,36,224,103,112],"_links":{"self":[{"href":"http:\/\/conviversabersocial.com.br\/index.php\/wp-json\/wp\/v2\/posts\/688"}],"collection":[{"href":"http:\/\/conviversabersocial.com.br\/index.php\/wp-json\/wp\/v2\/posts"}],"about":[{"href":"http:\/\/conviversabersocial.com.br\/index.php\/wp-json\/wp\/v2\/types\/post"}],"author":[{"embeddable":true,"href":"http:\/\/conviversabersocial.com.br\/index.php\/wp-json\/wp\/v2\/users\/1"}],"replies":[{"embeddable":true,"href":"http:\/\/conviversabersocial.com.br\/index.php\/wp-json\/wp\/v2\/comments?post=688"}],"version-history":[{"count":5,"href":"http:\/\/conviversabersocial.com.br\/index.php\/wp-json\/wp\/v2\/posts\/688\/revisions"}],"predecessor-version":[{"id":708,"href":"http:\/\/conviversabersocial.com.br\/index.php\/wp-json\/wp\/v2\/posts\/688\/revisions\/708"}],"wp:featuredmedia":[{"embeddable":true,"href":"http:\/\/conviversabersocial.com.br\/index.php\/wp-json\/wp\/v2\/media\/689"}],"wp:attachment":[{"href":"http:\/\/conviversabersocial.com.br\/index.php\/wp-json\/wp\/v2\/media?parent=688"}],"wp:term":[{"taxonomy":"category","embeddable":true,"href":"http:\/\/conviversabersocial.com.br\/index.php\/wp-json\/wp\/v2\/categories?post=688"},{"taxonomy":"post_tag","embeddable":true,"href":"http:\/\/conviversabersocial.com.br\/index.php\/wp-json\/wp\/v2\/tags?post=688"}],"curies":[{"name":"wp","href":"https:\/\/api.w.org\/{rel}","templated":true}]}}