{"id":643,"date":"2015-04-12T23:13:28","date_gmt":"2015-04-12T23:13:28","guid":{"rendered":"http:\/\/conviversabersocial.com.br\/?p=643"},"modified":"2015-04-12T23:13:28","modified_gmt":"2015-04-12T23:13:28","slug":"gcriva-esta-contratando","status":"publish","type":"post","link":"http:\/\/conviversabersocial.com.br\/index.php\/gcriva-esta-contratando\/","title":{"rendered":"GCRIVA est\u00e1 contratando"},"content":{"rendered":"<p><img loading=\"lazy\" class=\" size-medium wp-image-644 alignright\" src=\"http:\/\/conviversabersocial.com.br\/wp-content\/uploads\/2015\/04\/10698536_1522313048037887_3958439588451435882_n-300x225.jpg\" alt=\"10698536_1522313048037887_3958439588451435882_n\" width=\"300\" height=\"225\" srcset=\"http:\/\/conviversabersocial.com.br\/wp-content\/uploads\/2015\/04\/10698536_1522313048037887_3958439588451435882_n-300x225.jpg 300w, http:\/\/conviversabersocial.com.br\/wp-content\/uploads\/2015\/04\/10698536_1522313048037887_3958439588451435882_n.jpg 800w\" sizes=\"(max-width: 300px) 100vw, 300px\" \/>O<a title=\"Conhe\u00e7a o Grupo Crian\u00e7a em Busca de uma nova Vida\" href=\"http:\/\/conviversabersocial.com.br\/index.php\/conheca-o-grupo-crianca-em-busca-de-uma-nova-vida\/\" target=\"_blank\"><strong> Grupo Crian\u00e7a em Busca de Uma Nova Vida, GCRIVA<\/strong><\/a>, est\u00e1 contratando monitor(a) de ballet \/ dan\u00e7a. Aten\u00e7\u00e3o para as informa\u00e7\u00f5es sobre a vaga:<\/p>\n<p>PR\u00c9-REQUISITOS PARA O CARGO<br \/>\nI \u2013 Idade m\u00ednima 20 anos;<br \/>\nII \u2013 Estar cursando Ballet ou cursos afins;<br \/>\nIII \u2013 Ter dom\u00ednio em Ballet e Dan\u00e7a;<br \/>\nIV \u2013 Aptid\u00e3o para lidar com crian\u00e7as e adolescentes;<br \/>\nV \u2013 N\u00e3o ter parentesco (1\u00ba grau) com funcion\u00e1rios ou membros da Diretoria do GCRIVA.<br \/>\nVI \u2013 Conhecimento\/experi\u00eancia na \u00e1rea social.<\/p>\n<p>DAS INSCRI\u00c7\u00d5ES<br \/>\nOs curr\u00edculos dever\u00e3o ser entregues na sede da organiza\u00e7\u00e3o, \u00e0 Rua Quatro, n\u00ba 277 \u2013 Bairro Nova Pampulha \u2013 Vespasiano \/MG. No per\u00edodo de 01\/04 \u00e0 15\/04, em hor\u00e1rio comercial ou pelo e-mail <strong>gcriva.coordenacao@hotmail.com<\/strong> colocando no assunto da mensagem: \u201cSele\u00e7\u00e3o de Monitor de Ballet\/Dan\u00e7a\u00a0GCRIVA.\u201d<\/p>\n<p>OPERACIONALIZA\u00c7\u00c3O DA SELE\u00c7\u00c3O<br \/>\nPrimeira Etapa: An\u00e1lise curricular;<br \/>\nSegunda Etapa: Entrevista;<br \/>\nTerceira Etapa: Apresenta\u00e7\u00e3o de tr\u00eas minutos.<\/p>\n<p>Obs.: A experi\u00eancia demonstrada e comprovada por meio da apresenta\u00e7\u00e3o do curr\u00edculo e das refer\u00eancias a serem inclu\u00eddas, bem como a adequa\u00e7\u00e3o do perfil das (os) candidatas (os) \u00e1s atribui\u00e7\u00f5es ser\u00e3o crit\u00e9rios observados na avalia\u00e7\u00e3o. Ressaltamos que os candidatos que n\u00e3o apresentarem documentos comprobat\u00f3rios ser\u00e3o eliminados.<\/p>\n<p>REMUNERA\u00c7\u00c3O E CARGA HOR\u00c1RIA:<br \/>\n&#8211; Contrata\u00e7\u00e3o em Regime de Estagi\u00e1rio, ou como MicroEmpreendedor Individual, conforme lei vigente.<br \/>\n&#8211; Carga hor\u00e1ria: 10h por semana;<br \/>\n&#8211; Remunera\u00e7\u00e3o: Incluir no curr\u00edculo a pretens\u00e3o do valor da hora-aula ou bolsa mensal e a disponibilidade de hor\u00e1rio;<br \/>\n&#8211; Benef\u00edcios: Aux\u00edlio Transporte;<\/p>\n<p>Para informa\u00e7\u00f5es, entre em contato no telefone (31) 3621-6058.<br \/>\nEste edital tamb\u00e9m est\u00e1 dispon\u00edvel em\u00a0<a href=\"facebook:%20https:\/\/www.facebook.com\/gcriva.ong.7\" target=\"_blank\">facebook: https:\/\/www.facebook.com\/gcriva.ong.7<\/a><\/p>\n<p><img loading=\"lazy\" class=\"aligncenter wp-image-157 size-full\" src=\"http:\/\/conviversabersocial.com.br\/wp-content\/uploads\/2014\/12\/voltar.png\" alt=\"voltar\" width=\"468\" height=\"60\" srcset=\"http:\/\/conviversabersocial.com.br\/wp-content\/uploads\/2014\/12\/voltar.png 468w, http:\/\/conviversabersocial.com.br\/wp-content\/uploads\/2014\/12\/voltar-300x38.png 300w\" sizes=\"(max-width: 468px) 100vw, 468px\" \/><\/p>\n","protected":false},"excerpt":{"rendered":"<p>O Grupo Crian\u00e7a em Busca de Uma Nova Vida, GCRIVA, est\u00e1 contratando monitor(a) de ballet \/ dan\u00e7a. Aten\u00e7\u00e3o para as informa\u00e7\u00f5es sobre a vaga: PR\u00c9-REQUISITOS PARA O CARGO I \u2013 Idade m\u00ednima 20 anos; II \u2013 Estar cursando Ballet ou cursos afins; III \u2013 Ter dom\u00ednio em Ballet e Dan\u00e7a; IV \u2013 Aptid\u00e3o para lidar [&hellip;]<\/p>\n","protected":false},"author":1,"featured_media":644,"comment_status":"open","ping_status":"open","sticky":false,"template":"","format":"standard","meta":[],"categories":[2],"tags":[15,40,58,203,204,205,117],"_links":{"self":[{"href":"http:\/\/conviversabersocial.com.br\/index.php\/wp-json\/wp\/v2\/posts\/643"}],"collection":[{"href":"http:\/\/conviversabersocial.com.br\/index.php\/wp-json\/wp\/v2\/posts"}],"about":[{"href":"http:\/\/conviversabersocial.com.br\/index.php\/wp-json\/wp\/v2\/types\/post"}],"author":[{"embeddable":true,"href":"http:\/\/conviversabersocial.com.br\/index.php\/wp-json\/wp\/v2\/users\/1"}],"replies":[{"embeddable":true,"href":"http:\/\/conviversabersocial.com.br\/index.php\/wp-json\/wp\/v2\/comments?post=643"}],"version-history":[{"count":2,"href":"http:\/\/conviversabersocial.com.br\/index.php\/wp-json\/wp\/v2\/posts\/643\/revisions"}],"predecessor-version":[{"id":661,"href":"http:\/\/conviversabersocial.com.br\/index.php\/wp-json\/wp\/v2\/posts\/643\/revisions\/661"}],"wp:featuredmedia":[{"embeddable":true,"href":"http:\/\/conviversabersocial.com.br\/index.php\/wp-json\/wp\/v2\/media\/644"}],"wp:attachment":[{"href":"http:\/\/conviversabersocial.com.br\/index.php\/wp-json\/wp\/v2\/media?parent=643"}],"wp:term":[{"taxonomy":"category","embeddable":true,"href":"http:\/\/conviversabersocial.com.br\/index.php\/wp-json\/wp\/v2\/categories?post=643"},{"taxonomy":"post_tag","embeddable":true,"href":"http:\/\/conviversabersocial.com.br\/index.php\/wp-json\/wp\/v2\/tags?post=643"}],"curies":[{"name":"wp","href":"https:\/\/api.w.org\/{rel}","templated":true}]}}