{"id":635,"date":"2015-04-12T23:01:07","date_gmt":"2015-04-12T23:01:07","guid":{"rendered":"http:\/\/conviversabersocial.com.br\/?p=635"},"modified":"2015-04-12T23:01:07","modified_gmt":"2015-04-12T23:01:07","slug":"teve-circo-no-cerc","status":"publish","type":"post","link":"http:\/\/conviversabersocial.com.br\/index.php\/teve-circo-no-cerc\/","title":{"rendered":"Teve Circo no Cerc"},"content":{"rendered":"<p>Uma tarde de gargalhadas uniu na plateia do <strong>Espa\u00e7o Cultural Oficina dos Sonhos<\/strong>, sede do <strong><a title=\"Conhe\u00e7a o Cerc \u2013 Projeto Voo Livre\" href=\"http:\/\/conviversabersocial.com.br\/index.php\/conheca-o-cerc-projeto-voo-livre\/\" target=\"_blank\">CERC<\/a> e do Projeto Voo Livre,\u00a0<\/strong>pessoas\u00a0de Confins, Pedro Leopoldo, S\u00e3o Jos\u00e9 da Lapa e Lagoa Santa. Crian\u00e7as e adultos lotaram o espa\u00e7o e tiveram uma alegre tarde \u00e0 cargo\u00a0da <a href=\"http:\/\/laguzcirco.blogspot.com.br\/\" target=\"_blank\"><strong>Cia Laguz Circo<\/strong><\/a>. O Espa\u00e7o foi cedido gratuitamente e a bilheteria a\u00a0pre\u00e7o popular garantiu o cach\u00ea dos palha\u00e7os.<\/p>\n<p>Com esta a\u00e7\u00e3o, o <a href=\"https:\/\/www.facebook.com\/pages\/CERC\/1501020403496029?fref=ts\" target=\"_blank\"><strong>CERC \/ Projeto Voo Livre<\/strong><\/a> refor\u00e7a seu compromisso de fomento \u00e0 cultura e de manter uma agenda de espet\u00e1culos gratuitos ou a pre\u00e7os populares em sua sede em Confins. A associa\u00e7\u00e3o est\u00e1 aberta para parcerias de patroc\u00ednio para manuten\u00e7\u00e3o do espa\u00e7o e tamb\u00e9m com artistas e companhias para compor a agenda art\u00edstica-cultural, garantindo a continuidade e perman\u00eancia de a\u00e7\u00f5es de forma\u00e7\u00e3o de p\u00fablico.<\/p>\n<div id='gallery-1' class='gallery galleryid-635 gallery-columns-5 gallery-size-thumbnail'><figure class='gallery-item'>\n\t\t\t<div class='gallery-icon landscape'>\n\t\t\t\t<a href='http:\/\/conviversabersocial.com.br\/index.php\/teve-circo-no-cerc\/img_7068\/'><img width=\"150\" height=\"150\" src=\"http:\/\/conviversabersocial.com.br\/wp-content\/uploads\/2015\/04\/IMG_7068-150x150.jpg\" class=\"attachment-thumbnail size-thumbnail\" alt=\"\" loading=\"lazy\" aria-describedby=\"gallery-1-636\" \/><\/a>\n\t\t\t<\/div>\n\t\t\t\t<figcaption class='wp-caption-text gallery-caption' id='gallery-1-636'>\n\t\t\t\tP\u00fablico chegando para o espet\u00e1culo\n\t\t\t\t<\/figcaption><\/figure><figure class='gallery-item'>\n\t\t\t<div class='gallery-icon landscape'>\n\t\t\t\t<a href='http:\/\/conviversabersocial.com.br\/index.php\/teve-circo-no-cerc\/img_7069\/'><img width=\"150\" height=\"150\" src=\"http:\/\/conviversabersocial.com.br\/wp-content\/uploads\/2015\/04\/IMG_7069-150x150.jpg\" class=\"attachment-thumbnail size-thumbnail\" alt=\"\" loading=\"lazy\" aria-describedby=\"gallery-1-637\" \/><\/a>\n\t\t\t<\/div>\n\t\t\t\t<figcaption class='wp-caption-text gallery-caption' id='gallery-1-637'>\n\t\t\t\tP\u00fablico chegando para o espet\u00e1culo\n\t\t\t\t<\/figcaption><\/figure><figure class='gallery-item'>\n\t\t\t<div class='gallery-icon landscape'>\n\t\t\t\t<a href='http:\/\/conviversabersocial.com.br\/index.php\/teve-circo-no-cerc\/img_7075\/'><img width=\"150\" height=\"150\" src=\"http:\/\/conviversabersocial.com.br\/wp-content\/uploads\/2015\/04\/IMG_7075-150x150.jpg\" class=\"attachment-thumbnail size-thumbnail\" alt=\"\" loading=\"lazy\" aria-describedby=\"gallery-1-638\" \/><\/a>\n\t\t\t<\/div>\n\t\t\t\t<figcaption class='wp-caption-text gallery-caption' id='gallery-1-638'>\n\t\t\t\tP\u00fablico chegando para o espet\u00e1culo\n\t\t\t\t<\/figcaption><\/figure><figure class='gallery-item'>\n\t\t\t<div class='gallery-icon landscape'>\n\t\t\t\t<a href='http:\/\/conviversabersocial.com.br\/index.php\/teve-circo-no-cerc\/img_7077\/'><img width=\"150\" height=\"150\" src=\"http:\/\/conviversabersocial.com.br\/wp-content\/uploads\/2015\/04\/IMG_7077-150x150.jpg\" class=\"attachment-thumbnail size-thumbnail\" alt=\"\" loading=\"lazy\" aria-describedby=\"gallery-1-639\" \/><\/a>\n\t\t\t<\/div>\n\t\t\t\t<figcaption class='wp-caption-text gallery-caption' id='gallery-1-639'>\n\t\t\t\tP\u00fablico chegando para o espet\u00e1culo\n\t\t\t\t<\/figcaption><\/figure><figure class='gallery-item'>\n\t\t\t<div class='gallery-icon landscape'>\n\t\t\t\t<a href='http:\/\/conviversabersocial.com.br\/index.php\/teve-circo-no-cerc\/img_7143\/'><img width=\"150\" height=\"150\" src=\"http:\/\/conviversabersocial.com.br\/wp-content\/uploads\/2015\/04\/IMG_7143-150x150.jpg\" class=\"attachment-thumbnail size-thumbnail\" alt=\"\" loading=\"lazy\" aria-describedby=\"gallery-1-640\" \/><\/a>\n\t\t\t<\/div>\n\t\t\t\t<figcaption class='wp-caption-text gallery-caption' id='gallery-1-640'>\n\t\t\t\tGalera reunida depois da tarde alegria\n\t\t\t\t<\/figcaption><\/figure>\n\t\t<\/div>\n\n<p><center><iframe loading=\"lazy\" src=\"https:\/\/www.youtube.com\/embed\/cpNWNWCfOsE\" width=\"420\" height=\"315\" frameborder=\"0\" allowfullscreen=\"allowfullscreen\"><\/iframe><\/center><img loading=\"lazy\" class=\"aligncenter wp-image-157 size-full\" src=\"http:\/\/conviversabersocial.com.br\/wp-content\/uploads\/2014\/12\/voltar.png\" alt=\"voltar\" width=\"468\" height=\"60\" srcset=\"http:\/\/conviversabersocial.com.br\/wp-content\/uploads\/2014\/12\/voltar.png 468w, http:\/\/conviversabersocial.com.br\/wp-content\/uploads\/2014\/12\/voltar-300x38.png 300w\" sizes=\"(max-width: 468px) 100vw, 468px\" \/><\/p>\n","protected":false},"excerpt":{"rendered":"<p>Uma tarde de gargalhadas uniu na plateia do Espa\u00e7o Cultural Oficina dos Sonhos, sede do CERC e do Projeto Voo Livre,\u00a0pessoas\u00a0de Confins, Pedro Leopoldo, S\u00e3o Jos\u00e9 da Lapa e Lagoa Santa. Crian\u00e7as e adultos lotaram o espa\u00e7o e tiveram uma alegre tarde \u00e0 cargo\u00a0da Cia Laguz Circo. O Espa\u00e7o foi cedido gratuitamente e a bilheteria [&hellip;]<\/p>\n","protected":false},"author":1,"featured_media":638,"comment_status":"open","ping_status":"open","sticky":false,"template":"","format":"standard","meta":[],"categories":[2],"tags":[201,187,22,200,198,29,36,103,202],"_links":{"self":[{"href":"http:\/\/conviversabersocial.com.br\/index.php\/wp-json\/wp\/v2\/posts\/635"}],"collection":[{"href":"http:\/\/conviversabersocial.com.br\/index.php\/wp-json\/wp\/v2\/posts"}],"about":[{"href":"http:\/\/conviversabersocial.com.br\/index.php\/wp-json\/wp\/v2\/types\/post"}],"author":[{"embeddable":true,"href":"http:\/\/conviversabersocial.com.br\/index.php\/wp-json\/wp\/v2\/users\/1"}],"replies":[{"embeddable":true,"href":"http:\/\/conviversabersocial.com.br\/index.php\/wp-json\/wp\/v2\/comments?post=635"}],"version-history":[{"count":2,"href":"http:\/\/conviversabersocial.com.br\/index.php\/wp-json\/wp\/v2\/posts\/635\/revisions"}],"predecessor-version":[{"id":642,"href":"http:\/\/conviversabersocial.com.br\/index.php\/wp-json\/wp\/v2\/posts\/635\/revisions\/642"}],"wp:featuredmedia":[{"embeddable":true,"href":"http:\/\/conviversabersocial.com.br\/index.php\/wp-json\/wp\/v2\/media\/638"}],"wp:attachment":[{"href":"http:\/\/conviversabersocial.com.br\/index.php\/wp-json\/wp\/v2\/media?parent=635"}],"wp:term":[{"taxonomy":"category","embeddable":true,"href":"http:\/\/conviversabersocial.com.br\/index.php\/wp-json\/wp\/v2\/categories?post=635"},{"taxonomy":"post_tag","embeddable":true,"href":"http:\/\/conviversabersocial.com.br\/index.php\/wp-json\/wp\/v2\/tags?post=635"}],"curies":[{"name":"wp","href":"https:\/\/api.w.org\/{rel}","templated":true}]}}