{"id":598,"date":"2015-03-26T23:44:46","date_gmt":"2015-03-26T23:44:46","guid":{"rendered":"http:\/\/conviversabersocial.com.br\/?p=598"},"modified":"2015-03-27T11:57:01","modified_gmt":"2015-03-27T11:57:01","slug":"projeto-voo-livre-busca-parceiros","status":"publish","type":"post","link":"http:\/\/conviversabersocial.com.br\/index.php\/projeto-voo-livre-busca-parceiros\/","title":{"rendered":"Projeto Voo Livre busca parceiros"},"content":{"rendered":"<p><img loading=\"lazy\" class=\" size-medium wp-image-604 alignright\" src=\"http:\/\/conviversabersocial.com.br\/wp-content\/uploads\/2015\/03\/10438138_1501966596734743_2757829434486617424_n-300x225.jpg\" alt=\"10438138_1501966596734743_2757829434486617424_n\" width=\"300\" height=\"225\" srcset=\"http:\/\/conviversabersocial.com.br\/wp-content\/uploads\/2015\/03\/10438138_1501966596734743_2757829434486617424_n-300x225.jpg 300w, http:\/\/conviversabersocial.com.br\/wp-content\/uploads\/2015\/03\/10438138_1501966596734743_2757829434486617424_n.jpg 960w\" sizes=\"(max-width: 300px) 100vw, 300px\" \/>O <a href=\"https:\/\/www.facebook.com\/pages\/CERC\/1501020403496029?fref=ts\" target=\"_blank\"><strong>Centro de Refer\u00eancia Cultural<\/strong><\/a>, em Confins, est\u00e1 recebendo propostas de parcerias para 2015. &#8220;Oferecemos para a sua empresa a op\u00e7\u00e3o de investir em<strong> arte-educa\u00e7\u00e3o e manuten\u00e7\u00e3o de agenda cultural<\/strong>, destinando recursos de imposto j\u00e1 devido ao estado para custeio da programa\u00e7\u00e3o do <strong>Projeto Voo Livre<\/strong>&#8220;, explica\u00a0Maria Elizabeth de Oliveira Souza, gestora do Cerc, que realiza o Projeto Voo Livre. A organiza\u00e7\u00e3o tem projetos aprovados nas leis estadual e federal de incentivo \u00e0 cultura.<\/p>\n<p>Quem j\u00e1 investe h\u00e1 nove anos consecutivos no Projeto Voo Livre \u00e9 a<strong> Minera\u00e7\u00e3o Lapa Vermelha<\/strong>. A empresa usa do mecanismo da Lei Rouanet para destinar o imposto devido para um belo projeto de garantia de direitos culturais e cidadania de crian\u00e7as e adolescentes. Beth conta que gra\u00e7as a esta parceria, centenas de crian\u00e7as e adolescentes de Confins participam de oficinas cont\u00ednuas de artes e esportes e realizam viagens culturais e espet\u00e1culos art\u00edsticos e culturais e faz um convite: &#8220;Senhores empres\u00e1rios, venham a receber nossos aplausos! Temos aqui um estoque de aplausos: s\u00e3o centenas de crian\u00e7as e adolescentes sonhando com uma vaga na programa\u00e7\u00e3o Voo Livre. Fa\u00e7a-nos uma visita e venha ver de perto porque <strong>em nossa sede o amanhecer \u00e9 constante e nosso quintal \u00e9 maior que o mundo<\/strong>&#8220;.<\/p>\n<p>&nbsp;<\/p>\n<p><a href=\"http:\/\/eepurl.com\/bh_edP\"><img loading=\"lazy\" class=\"aligncenter size-medium wp-image-157\" src=\"http:\/\/conviversabersocial.com.br\/wp-content\/uploads\/2014\/12\/voltar-300x38.png\" alt=\"voltar\" width=\"300\" height=\"38\" srcset=\"http:\/\/conviversabersocial.com.br\/wp-content\/uploads\/2014\/12\/voltar-300x38.png 300w, http:\/\/conviversabersocial.com.br\/wp-content\/uploads\/2014\/12\/voltar.png 468w\" sizes=\"(max-width: 300px) 100vw, 300px\" \/><\/a><\/p>\n","protected":false},"excerpt":{"rendered":"<p>O Centro de Refer\u00eancia Cultural, em Confins, est\u00e1 recebendo propostas de parcerias para 2015. &#8220;Oferecemos para a sua empresa a op\u00e7\u00e3o de investir em arte-educa\u00e7\u00e3o e manuten\u00e7\u00e3o de agenda cultural, destinando recursos de imposto j\u00e1 devido ao estado para custeio da programa\u00e7\u00e3o do Projeto Voo Livre&#8220;, explica\u00a0Maria Elizabeth de Oliveira Souza, gestora do Cerc, que [&hellip;]<\/p>\n","protected":false},"author":1,"featured_media":599,"comment_status":"open","ping_status":"open","sticky":false,"template":"","format":"standard","meta":[],"categories":[2],"tags":[187,22,29,36,164,49,74,75,188,103],"_links":{"self":[{"href":"http:\/\/conviversabersocial.com.br\/index.php\/wp-json\/wp\/v2\/posts\/598"}],"collection":[{"href":"http:\/\/conviversabersocial.com.br\/index.php\/wp-json\/wp\/v2\/posts"}],"about":[{"href":"http:\/\/conviversabersocial.com.br\/index.php\/wp-json\/wp\/v2\/types\/post"}],"author":[{"embeddable":true,"href":"http:\/\/conviversabersocial.com.br\/index.php\/wp-json\/wp\/v2\/users\/1"}],"replies":[{"embeddable":true,"href":"http:\/\/conviversabersocial.com.br\/index.php\/wp-json\/wp\/v2\/comments?post=598"}],"version-history":[{"count":6,"href":"http:\/\/conviversabersocial.com.br\/index.php\/wp-json\/wp\/v2\/posts\/598\/revisions"}],"predecessor-version":[{"id":612,"href":"http:\/\/conviversabersocial.com.br\/index.php\/wp-json\/wp\/v2\/posts\/598\/revisions\/612"}],"wp:featuredmedia":[{"embeddable":true,"href":"http:\/\/conviversabersocial.com.br\/index.php\/wp-json\/wp\/v2\/media\/599"}],"wp:attachment":[{"href":"http:\/\/conviversabersocial.com.br\/index.php\/wp-json\/wp\/v2\/media?parent=598"}],"wp:term":[{"taxonomy":"category","embeddable":true,"href":"http:\/\/conviversabersocial.com.br\/index.php\/wp-json\/wp\/v2\/categories?post=598"},{"taxonomy":"post_tag","embeddable":true,"href":"http:\/\/conviversabersocial.com.br\/index.php\/wp-json\/wp\/v2\/tags?post=598"}],"curies":[{"name":"wp","href":"https:\/\/api.w.org\/{rel}","templated":true}]}}