{"id":503,"date":"2015-02-26T15:46:24","date_gmt":"2015-02-26T15:46:24","guid":{"rendered":"http:\/\/conviversabersocial.com.br\/novosite\/?p=503"},"modified":"2015-02-26T19:38:29","modified_gmt":"2015-02-26T19:38:29","slug":"conviver-esta-captando-recursos-para-2015","status":"publish","type":"post","link":"http:\/\/conviversabersocial.com.br\/index.php\/conviver-esta-captando-recursos-para-2015\/","title":{"rendered":"Conviver est\u00e1 captando recursos para 2015"},"content":{"rendered":"<p>A <strong>Conviver Saber Social<\/strong> j\u00e1 <a title=\"GEAA\/Conviver come\u00e7am 2015 com anima\u00e7\u00e3o\" href=\"http:\/\/conviversabersocial.com.br\/novosite\/index.php\/geaaconviver-comecam-2015-com-animacao\/\" target=\"_blank\">recome\u00e7ou seu atendimento no Bairro Palmital<\/a> em parceria com o GEAA. Se a falta de capta\u00e7\u00e3o de recursos, provocada pela <a title=\"Comunicado Conviver Saber Social\" href=\"http:\/\/conviversabersocial.com.br\/novosite\/index.php\/comunicado-conviver-saber-social\/\" target=\"_blank\">not\u00edcia equivocada do CMDCA<\/a>, nos pareceu um grande desastre, hoje, <strong>o fato de n\u00e3o termos os recursos necess\u00e1rios para atender nosso p\u00fablico a partir de abril de 2015<\/strong>, tem provocado uma <strong>grande mobiliza\u00e7\u00e3o<\/strong> para conseguirmos captar recursos junto a colaboradores individuais e <strong>n\u00e3o deixarmos nenhuma crian\u00e7a e\/ou adolescente que precisa, sem atendimento<\/strong>.<\/p>\n<p>Desde o in\u00edcio de janeiro, a<strong> Conviver Saber Social<\/strong> n\u00e3o tem medido esfor\u00e7os em busca de volunt\u00e1rios e de novas op\u00e7\u00f5es de capta\u00e7\u00e3o de recursos e, com certeza, conseguir\u00e1 superar este desafio.<\/p>\n<p>Aproveitamos essa oportunidade do boletim para <strong>convidar todos os nossos amigos a fazer parte da nossa rede!<\/strong> Em breve enviaremos todas as informa\u00e7\u00f5es.<\/p>\n<p>Venha <strong>Conviver<\/strong> com a gente!<\/p>\n<p><a href=\"http:\/\/eepurl.com\/bfpY3L\"><img loading=\"lazy\" class=\"aligncenter wp-image-157 size-full\" src=\"http:\/\/conviversabersocial.com.br\/wp-content\/uploads\/2014\/12\/voltar.png\" alt=\"voltar\" width=\"468\" height=\"60\" srcset=\"http:\/\/conviversabersocial.com.br\/wp-content\/uploads\/2014\/12\/voltar.png 468w, http:\/\/conviversabersocial.com.br\/wp-content\/uploads\/2014\/12\/voltar-300x38.png 300w\" sizes=\"(max-width: 468px) 100vw, 468px\" \/><\/a><\/p>\n","protected":false},"excerpt":{"rendered":"<p>A Conviver Saber Social j\u00e1 recome\u00e7ou seu atendimento no Bairro Palmital em parceria com o GEAA. Se a falta de capta\u00e7\u00e3o de recursos, provocada pela not\u00edcia equivocada do CMDCA, nos pareceu um grande desastre, hoje, o fato de n\u00e3o termos os recursos necess\u00e1rios para atender nosso p\u00fablico a partir de abril de 2015, tem provocado [&hellip;]<\/p>\n","protected":false},"author":1,"featured_media":504,"comment_status":"open","ping_status":"open","sticky":false,"template":"","format":"standard","meta":[],"categories":[2],"tags":[129,141,31,140,59,72,80,97,142],"_links":{"self":[{"href":"http:\/\/conviversabersocial.com.br\/index.php\/wp-json\/wp\/v2\/posts\/503"}],"collection":[{"href":"http:\/\/conviversabersocial.com.br\/index.php\/wp-json\/wp\/v2\/posts"}],"about":[{"href":"http:\/\/conviversabersocial.com.br\/index.php\/wp-json\/wp\/v2\/types\/post"}],"author":[{"embeddable":true,"href":"http:\/\/conviversabersocial.com.br\/index.php\/wp-json\/wp\/v2\/users\/1"}],"replies":[{"embeddable":true,"href":"http:\/\/conviversabersocial.com.br\/index.php\/wp-json\/wp\/v2\/comments?post=503"}],"version-history":[{"count":2,"href":"http:\/\/conviversabersocial.com.br\/index.php\/wp-json\/wp\/v2\/posts\/503\/revisions"}],"predecessor-version":[{"id":518,"href":"http:\/\/conviversabersocial.com.br\/index.php\/wp-json\/wp\/v2\/posts\/503\/revisions\/518"}],"wp:featuredmedia":[{"embeddable":true,"href":"http:\/\/conviversabersocial.com.br\/index.php\/wp-json\/wp\/v2\/media\/504"}],"wp:attachment":[{"href":"http:\/\/conviversabersocial.com.br\/index.php\/wp-json\/wp\/v2\/media?parent=503"}],"wp:term":[{"taxonomy":"category","embeddable":true,"href":"http:\/\/conviversabersocial.com.br\/index.php\/wp-json\/wp\/v2\/categories?post=503"},{"taxonomy":"post_tag","embeddable":true,"href":"http:\/\/conviversabersocial.com.br\/index.php\/wp-json\/wp\/v2\/tags?post=503"}],"curies":[{"name":"wp","href":"https:\/\/api.w.org\/{rel}","templated":true}]}}