{"id":2050,"date":"2016-10-26T18:58:16","date_gmt":"2016-10-26T21:58:16","guid":{"rendered":"http:\/\/conviversabersocial.com.br\/?p=2050"},"modified":"2016-10-26T21:01:55","modified_gmt":"2016-10-27T00:01:55","slug":"video-institucional-apresenta-conviver-saber-social-em-1-minuto","status":"publish","type":"post","link":"http:\/\/conviversabersocial.com.br\/index.php\/video-institucional-apresenta-conviver-saber-social-em-1-minuto\/","title":{"rendered":"V\u00eddeo institucional apresenta Conviver Saber Social em 1 minuto"},"content":{"rendered":"<p>64 segundos \u00e9 tudo o que voc\u00ea precisa para entrar no universo da<strong>\u00a0Conviver Saber Social<\/strong>. Depois de muito ouvir empreendedores falando sobre a import\u00e2ncia do\u00a0<em>pitching<\/em> de elevador e a necessidade de apresentar de forma clara e concisa o que fazemos, lan\u00e7amos nosso v\u00eddeo institucional, a Conviver em 1 minuto. De forma sucinta e criativa apresentamos o prop\u00f3sito da Conviver, contamos um pouco da nossa hist\u00f3ria e como trabalhamos para cumprir a nossa miss\u00e3o de garantir direitos, fortalecer o terceiro setor e compartilhar o nosso saber social.<\/p>\n<p>Com produ\u00e7\u00e3o, roteiro, filmagem e edi\u00e7\u00e3o dos nossos parceiros da produtora de v\u00eddeos<strong> <a href=\"http:\/\/nenhumdestes.com\" target=\"_blank\">Nenhum Destes<\/a><\/strong>, nosso v\u00eddeo contou ainda com a participa\u00e7\u00e3o da adolescente de 17 anos, Vit\u00f3ria Roscoe que fez a locu\u00e7\u00e3o e com a ilustra\u00e7\u00e3o das designers Gabriele Bigabi e Rebeca Medeiros. Toda a equipe envolvida na produ\u00e7\u00e3o \u00e9 moradora do Vetor Norte da regi\u00e3o metropolitana de Belo Horizonte, onde a Conviver est\u00e1 sediada e realiza a maior parte de seus projetos.<\/p>\n<p><strong>Compartilhe e nos ajude a promover o nosso trabalho pelo desenvolvimento sustent\u00e1vel da nossa sociedade!<\/strong><\/p>\n<p><a href=\"http:\/\/eepurl.com\/clPNBv\"><img loading=\"lazy\" class=\"aligncenter wp-image-1548 size-full\" src=\"http:\/\/conviversabersocial.com.br\/wp-content\/uploads\/2016\/07\/Anuncios-revista-bem-de-vida.png\" alt=\"Anuncios revista bem de vida\" width=\"468\" height=\"60\" srcset=\"http:\/\/conviversabersocial.com.br\/wp-content\/uploads\/2016\/07\/Anuncios-revista-bem-de-vida.png 468w, http:\/\/conviversabersocial.com.br\/wp-content\/uploads\/2016\/07\/Anuncios-revista-bem-de-vida-300x38.png 300w\" sizes=\"(max-width: 468px) 100vw, 468px\" \/><\/a><\/p>\n","protected":false},"excerpt":{"rendered":"<p>64 segundos \u00e9 tudo o que voc\u00ea precisa para entrar no universo da\u00a0Conviver Saber Social. Depois de muito ouvir empreendedores falando sobre a import\u00e2ncia do\u00a0pitching de elevador e a necessidade de apresentar de forma clara e concisa o que fazemos, lan\u00e7amos nosso v\u00eddeo institucional, a Conviver em 1 minuto. De forma sucinta e criativa apresentamos [&hellip;]<\/p>\n","protected":false},"author":1,"featured_media":2065,"comment_status":"open","ping_status":"open","sticky":false,"template":"","format":"video","meta":[],"categories":[2],"tags":[580,32,267,537,367,72,80,578,581,95,523,579,178,182,285,577],"_links":{"self":[{"href":"http:\/\/conviversabersocial.com.br\/index.php\/wp-json\/wp\/v2\/posts\/2050"}],"collection":[{"href":"http:\/\/conviversabersocial.com.br\/index.php\/wp-json\/wp\/v2\/posts"}],"about":[{"href":"http:\/\/conviversabersocial.com.br\/index.php\/wp-json\/wp\/v2\/types\/post"}],"author":[{"embeddable":true,"href":"http:\/\/conviversabersocial.com.br\/index.php\/wp-json\/wp\/v2\/users\/1"}],"replies":[{"embeddable":true,"href":"http:\/\/conviversabersocial.com.br\/index.php\/wp-json\/wp\/v2\/comments?post=2050"}],"version-history":[{"count":10,"href":"http:\/\/conviversabersocial.com.br\/index.php\/wp-json\/wp\/v2\/posts\/2050\/revisions"}],"predecessor-version":[{"id":2066,"href":"http:\/\/conviversabersocial.com.br\/index.php\/wp-json\/wp\/v2\/posts\/2050\/revisions\/2066"}],"wp:featuredmedia":[{"embeddable":true,"href":"http:\/\/conviversabersocial.com.br\/index.php\/wp-json\/wp\/v2\/media\/2065"}],"wp:attachment":[{"href":"http:\/\/conviversabersocial.com.br\/index.php\/wp-json\/wp\/v2\/media?parent=2050"}],"wp:term":[{"taxonomy":"category","embeddable":true,"href":"http:\/\/conviversabersocial.com.br\/index.php\/wp-json\/wp\/v2\/categories?post=2050"},{"taxonomy":"post_tag","embeddable":true,"href":"http:\/\/conviversabersocial.com.br\/index.php\/wp-json\/wp\/v2\/tags?post=2050"}],"curies":[{"name":"wp","href":"https:\/\/api.w.org\/{rel}","templated":true}]}}