{"id":1833,"date":"2016-09-14T15:50:47","date_gmt":"2016-09-14T18:50:47","guid":{"rendered":"http:\/\/conviversabersocial.com.br\/?p=1833"},"modified":"2016-09-19T13:55:44","modified_gmt":"2016-09-19T16:55:44","slug":"conversa-com-janice-salomao-presidente-da-conviver","status":"publish","type":"post","link":"http:\/\/conviversabersocial.com.br\/index.php\/conversa-com-janice-salomao-presidente-da-conviver\/","title":{"rendered":"Conversa com Janice Salom\u00e3o, presidente da Conviver"},"content":{"rendered":"<p><strong>Janice Salom\u00e3o<\/strong>\u00a0<strong>de Andrade<\/strong> faz parte da <strong>Conviver Saber Social<\/strong> desde sua funda\u00e7\u00e3o e hoje ocupa a presid\u00eancia da organiza\u00e7\u00e3o. Conversamos com ela sobre o atual momento da Conviver e o mais novo projeto em andamento, o &#8220;Comunidade em Desenvolvimento: o Vetor Norte em Transforma\u00e7\u00e3o&#8221;, confira!<\/p>\n<h6>ConviverNews: Por que formar um grupo de lideran\u00e7as articuladas no Vetor Norte? Que transforma\u00e7\u00e3o \u00e9 essa que esses agentes est\u00e3o buscando promover em nossa regi\u00e3o?<\/h6>\n<p><em><strong>Janice Salom\u00e3o<\/strong><\/em>: O Vetor Norte \u00e9 formado por um corredor onde v\u00e1rios munic\u00edpios est\u00e3o inseridos. \u00c9 a regi\u00e3o norte da metr\u00f3pole Belo Horizonte. A Conviver est\u00e1 nesse corredor e\u00a0 se sentiu interpelada a estabelecer alian\u00e7as com lideran\u00e7as de alguns munic\u00edpios para que, juntos, pud\u00e9ssemos repensar o formato de\u00a0 crescimento e desenvolvimento de nossa regi\u00e3o.<strong> Formar lideres de transforma\u00e7\u00e3o global para agirem localmente \u00e9 o principal objetivo dessa articula\u00e7\u00e3o.<\/strong><\/p>\n<h6>ConviverNews: Como a Conviver busca contribuir para o desenvolvimento sustent\u00e1vel do Vetor Norte? Como a organiza\u00e7\u00e3o social est\u00e1 presente hoje na regi\u00e3o?<\/h6>\n<p><em><strong>Janice Salom\u00e3o<\/strong><\/em>: A Conviver tem como miss\u00e3o garantir direitos. Para tanto, percebeu que n\u00e3o basta trabalhar em unidades de atendimento direto a crian\u00e7as e adolescentes, nem somente fortalecer o terceiro setor, muito fr\u00e1gil nesses munic\u00edpios. Percebeu a necessidade de se articular com um n\u00famero maior e mais diversificado de atores para que efetivamente o mercado, o estado, e o terceiro setor fossem aliados para promover uma sociedade mais justa, inclusiva e que proporciona aos cidad\u00e3os a garantia de seus direitos. Assim, a Conviver quer facilitar esse di\u00e1logo, se inserir nele e protagonizar uma mudan\u00e7a de paradigmas mostrando que \u00e9 poss\u00edvel desenvolver uma regi\u00e3o, gerar riquezas e ser sustent\u00e1vel.<\/p>\n<h6>ConviverNews: Com tr\u00eas encontros apenas, j\u00e1 sabemos de objetivos que come\u00e7am a ser alcan\u00e7ados. Como o projeto j\u00e1 contribuiu para o desenvolvimento institucional da Conviver e tamb\u00e9m para o fortalecimento das articula\u00e7\u00f5es entre organiza\u00e7\u00f5es sociais e empresas?<\/h6>\n<p><em><strong>Janice Salom\u00e3o<\/strong><\/em>: Consideramos que a oportunidade de nos encontrarmos em di\u00e1logo aberto e verdadeiro, com um facilitador plenamente inserido na sua humanidade, j\u00e1 fortaleceu a Conviver institucionalmente dando a ela a respeitosa visibilidade e, consequentemente, a oportunidade de expandir seu <strong>saber social<\/strong> junto a parceiros t\u00e3o importantes como a AV Norte. As demais organiza\u00e7\u00f5es sociais, tal como a Conviver, t\u00eam seu espa\u00e7o garantido para promover articula\u00e7\u00f5es mediadas pelos workshops que a Conviver, em parceria com o Instituto C&amp;A, tem oferecido .<\/p>\n<h6>ConviverNews: O que podemos esperar de resultados ao final desse projeto?<\/h6>\n<p><em><strong>Janice Salom\u00e3o<\/strong><\/em>: Grupos de lideran\u00e7as transformadoras formado por mulheres, ativistas, empres\u00e1rios correspons\u00e1veis pelo crescimento econ\u00f4mico baseado\u00a0num planejamento de desenvolvimento sustent\u00e1vel; um Estado atento a esse crescimento e desenvolvimento para que o mesmo n\u00e3o mate a cultura, n\u00e3o viole direitos, n\u00e3o crie grupos de explorados no mundo do trabalho; um grupo fiel escudeiro da cultura ancestral da regi\u00e3o; um grupo de lideran\u00e7as do terceiro setor, fortalecido e empoderado para um di\u00e1logo intersetorial. Se esses indicadores forem alcan\u00e7ados n\u00e3o resta d\u00favidas que\u00a0 nossa regi\u00e3o ser\u00e1 um \u201cbom\u201c exemplo para todas regi\u00f5es metropolitanas do pa\u00eds .<\/p>\n<p><a href=\"http:\/\/eepurl.com\/cfORlb\"><img loading=\"lazy\" class=\"aligncenter wp-image-1548 size-full\" src=\"http:\/\/conviversabersocial.com.br\/wp-content\/uploads\/2016\/07\/Anuncios-revista-bem-de-vida.png\" alt=\"Anuncios revista bem de vida\" width=\"468\" height=\"60\" srcset=\"http:\/\/conviversabersocial.com.br\/wp-content\/uploads\/2016\/07\/Anuncios-revista-bem-de-vida.png 468w, http:\/\/conviversabersocial.com.br\/wp-content\/uploads\/2016\/07\/Anuncios-revista-bem-de-vida-300x38.png 300w\" sizes=\"(max-width: 468px) 100vw, 468px\" \/><\/a><\/p>\n","protected":false},"excerpt":{"rendered":"<p>Janice Salom\u00e3o\u00a0de Andrade faz parte da Conviver Saber Social desde sua funda\u00e7\u00e3o e hoje ocupa a presid\u00eancia da organiza\u00e7\u00e3o. Conversamos com ela sobre o atual momento da Conviver e o mais novo projeto em andamento, o &#8220;Comunidade em Desenvolvimento: o Vetor Norte em Transforma\u00e7\u00e3o&#8221;, confira! ConviverNews: Por que formar um grupo de lideran\u00e7as articuladas no [&hellip;]<\/p>\n","protected":false},"author":1,"featured_media":1852,"comment_status":"open","ping_status":"open","sticky":false,"template":"","format":"standard","meta":[],"categories":[2],"tags":[546,32,568,95,565,567,178,264,182,547],"_links":{"self":[{"href":"http:\/\/conviversabersocial.com.br\/index.php\/wp-json\/wp\/v2\/posts\/1833"}],"collection":[{"href":"http:\/\/conviversabersocial.com.br\/index.php\/wp-json\/wp\/v2\/posts"}],"about":[{"href":"http:\/\/conviversabersocial.com.br\/index.php\/wp-json\/wp\/v2\/types\/post"}],"author":[{"embeddable":true,"href":"http:\/\/conviversabersocial.com.br\/index.php\/wp-json\/wp\/v2\/users\/1"}],"replies":[{"embeddable":true,"href":"http:\/\/conviversabersocial.com.br\/index.php\/wp-json\/wp\/v2\/comments?post=1833"}],"version-history":[{"count":3,"href":"http:\/\/conviversabersocial.com.br\/index.php\/wp-json\/wp\/v2\/posts\/1833\/revisions"}],"predecessor-version":[{"id":1964,"href":"http:\/\/conviversabersocial.com.br\/index.php\/wp-json\/wp\/v2\/posts\/1833\/revisions\/1964"}],"wp:featuredmedia":[{"embeddable":true,"href":"http:\/\/conviversabersocial.com.br\/index.php\/wp-json\/wp\/v2\/media\/1852"}],"wp:attachment":[{"href":"http:\/\/conviversabersocial.com.br\/index.php\/wp-json\/wp\/v2\/media?parent=1833"}],"wp:term":[{"taxonomy":"category","embeddable":true,"href":"http:\/\/conviversabersocial.com.br\/index.php\/wp-json\/wp\/v2\/categories?post=1833"},{"taxonomy":"post_tag","embeddable":true,"href":"http:\/\/conviversabersocial.com.br\/index.php\/wp-json\/wp\/v2\/tags?post=1833"}],"curies":[{"name":"wp","href":"https:\/\/api.w.org\/{rel}","templated":true}]}}