{"id":1824,"date":"2016-09-14T13:49:06","date_gmt":"2016-09-14T16:49:06","guid":{"rendered":"http:\/\/conviversabersocial.com.br\/?p=1824"},"modified":"2016-09-19T13:45:58","modified_gmt":"2016-09-19T16:45:58","slug":"conversa-com-gilson-brito-presidente-da-av-norte","status":"publish","type":"post","link":"http:\/\/conviversabersocial.com.br\/index.php\/conversa-com-gilson-brito-presidente-da-av-norte\/","title":{"rendered":"Conversa com Gilson Brito, presidente da AV Norte"},"content":{"rendered":"<p>A\u00a0<a href=\"http:\/\/www.avnorte.com.br\/\" target=\"_blank\"><strong>Associa\u00e7\u00e3o dos Desenvolvedores do Vetor Norte &#8211; AV Norte<\/strong><\/a> \u00e9 uma entidade privada sem fins lucrativos, que une interessados, das mais variadas \u00e1reas de atua\u00e7\u00e3o econ\u00f4mica e da sociedade civil, em promover o desenvolvimento harmonioso do Vetor Norte da regi\u00e3o metropolitana de Belo Horizonte. A associa\u00e7\u00e3o apoia o projeto da Conviver no projeto &#8220;Comunidade em Desenvolvimento: o Vetor Norte em Transforma\u00e7\u00e3o&#8221; e, recentemente, a Conviver se filiou \u00e0 AV Norte como associado benem\u00e9rito.<\/p>\n<p>Conversamos com<strong> Gilson Brito J\u00fanior<\/strong>, presidente da AV Norte sobre como est\u00e1 o desenvolvimento do Vetor Norte, sobre o projeto &#8220;Comunidade em Desenvolvimento&#8221; e sobre o relacionamento entre a Conviver e a AV Norte. Confira!<\/p>\n<p><em><strong><a href=\"http:\/\/conviversabersocial.com.br\/wp-content\/uploads\/2016\/09\/IMG_7835.jpg\"><img loading=\"lazy\" class=\"aligncenter wp-image-1826 size-large\" src=\"http:\/\/conviversabersocial.com.br\/wp-content\/uploads\/2016\/09\/IMG_7835-683x1024.jpg\" alt=\"IMG_7835\" width=\"683\" height=\"1024\" srcset=\"http:\/\/conviversabersocial.com.br\/wp-content\/uploads\/2016\/09\/IMG_7835-683x1024.jpg 683w, http:\/\/conviversabersocial.com.br\/wp-content\/uploads\/2016\/09\/IMG_7835-200x300.jpg 200w, http:\/\/conviversabersocial.com.br\/wp-content\/uploads\/2016\/09\/IMG_7835-1080x1620.jpg 1080w, http:\/\/conviversabersocial.com.br\/wp-content\/uploads\/2016\/09\/IMG_7835.jpg 1536w\" sizes=\"(max-width: 683px) 100vw, 683px\" \/><\/a><\/strong><\/em><\/p>\n<h6>Conviver News: Como est\u00e1 a situa\u00e7\u00e3o\/cen\u00e1rio do desenvolvimento no Vetor Norte atualmente? A regi\u00e3o ainda est\u00e1 crescendo?<\/h6>\n<p><em><strong>Gilson Brito<\/strong>: <\/em>Na realidade, n\u00e3o. N\u00f3s temos um projeto iniciado h\u00e1 mais de uma d\u00e9cada, que tinha alguns vetores de desenvolvimento que foram usados como tensores. O primeiro foi a mudan\u00e7a dos voos do aeroporto da Pampulha para Confins. O segundo, a Linha Verde e o terceiro foi a constru\u00e7\u00e3o da Cidade Administrativa. Isso iniciou o processo, mas por si s\u00f3 n\u00e3o era suficiente para garantir o desenvolvimento sustent\u00e1vel. Foi feito todo um volume de estudos para garantir o desenvolvimento da regi\u00e3o, buscar novos vetores de desenvolvimento voltados para educa\u00e7\u00e3o, para uma nova economia, com\u00a0oferta de emprego\u00a0justo e melhor remunera\u00e7\u00e3o. Mas n\u00e3o se integrou isso com o restante do desenvolvimento. N\u00e3o foi feito nada no que se refere \u00e0 educa\u00e7\u00e3o de base e todo projeto de mobilidade foi interrompido no meio. A duplica\u00e7\u00e3o da Linha Verde e a reformula\u00e7\u00e3o da rodovia 424 sem a duplica\u00e7\u00e3o at\u00e9 a BR040 n\u00e3o s\u00e3o suficientes. Precisamos da constru\u00e7\u00e3o do Rodoanel, que \u00e9 uma promessa antiga, n\u00e3o s\u00f3 para o Vetor Norte, mas para a Regi\u00e3o Metropolitana de Belo Horizonte. Sem isso, <strong>toda integra\u00e7\u00e3o que foi prometida, fica comprometida<\/strong>. N\u00f3s temos agora o projeto do aeroporto em andamento, que \u00e9 o \u00fanico que est\u00e1 em andamento e, talvez, por ter sido privatizado na hora certa. Projetos estruturais importantes, como a finaliza\u00e7\u00e3o da estrutura vi\u00e1ria que faz a liga\u00e7\u00e3o da LMG800 com a ponte do rio das Velhas, que vai oxigenar o turismo para a Serra do Cip\u00f3, est\u00e3o parados. Outros exemplos s\u00e3o a Al\u00e7a Leste Lagoa Santa, que cria todo uma oxigena\u00e7\u00e3o com o munic\u00edpio de Jaboticatubas, liberando novas \u00e1reas urbaniza\u00e7\u00e3o, evitando a faveliza\u00e7\u00e3o e reduzindo o custo do metro quadrado na regi\u00e3o; a pr\u00f3pria duplica\u00e7\u00e3o da rodovia 424 para ligar o Aeroporto a Sete Lagoas, que j\u00e1 \u00e9 um parque industrial importante do estado e tem um grande complexo log\u00edstico sendo constru\u00eddo l\u00e1, inclusive, com uma promessa de um porto seco; a entrega efetiva do Aeroporto Ind\u00fastria, que cria um diferencial competitivo para a regi\u00e3o. Ou seja, tem muita promessa sem entrega e isso comprometeu o projeto. Eu acho que estamos no meio do caminho e acho que <strong>tem que se fazer agora um novo projeto, com novas promessas e adequadas \u00e0 realidade de hoje<\/strong>. Talvez, o que se prometeu a 10 anos atr\u00e1s, n\u00e3o seja exequ\u00edvel hoje<strong>. \u00c9 preciso reunir as lideran\u00e7as para a gente refazer as propostas e levar adiante e cobrar uma atitude mais efetiva tanto do governo, quanto dos empres\u00e1rios e da popula\u00e7\u00e3o.<\/strong> Ou seja, de todos os atores que envolvem o desenvolvimento. O crescimento est\u00e1 estagnado, hoje a gente tem at\u00e9 uma diminui\u00e7\u00e3o disso, n\u00f3s temos fechamento de postos de trabalho, empresas tradicionais da regi\u00e3o fechando, temos uma diminui\u00e7\u00e3o do fluxo do aeroporto, isso foi noticiado h\u00e1 poucos dias, mais de um milh\u00e3o de fluxo foi perdido. <strong>Hoje, n\u00f3s estamos perdendo. Eu n\u00e3o acho que estejamos crescendo, estamos decrescendo at\u00e9.<\/strong><\/p>\n<h6>ConviverNews: Como participar do projeto &#8220;Comunidade em Desenvolvimento: o Vetor Norte em Transforma\u00e7\u00e3o&#8221; tem impactado a AV Norte?<\/h6>\n<p><strong>Gilson Brito:<\/strong> A AV Norte vem se dedicando j\u00e1 h\u00e1 algum tempo ao desenvolvimento econ\u00f4mico e empresarial, que \u00e9 o que ela se prop\u00f5e. \u00c9 uma entidade privada de empreendedores focado no desenvolvimento econ\u00f4mico. Mas, acreditamos que n\u00e3o tem desenvolvimento econ\u00f4mico sem o social e n\u00e3o t\u00ednhamos expertise para trabalhar no desenvolvimento social. <strong>O encontro da\u00a0AV Norte com a Conviver Saber Social\u00a0\u00e9 extremamente importante\u00a0e oxigenou um pouco o que planejamos para o Vetor Norte, porque potencializa e muito o que pode ser feito pela regi\u00e3o<\/strong>. S\u00e3o organiza\u00e7\u00f5es\u00a0que vem de lados opostos, mas buscam o mesmo objetivo de promover um desenvolvimento sustent\u00e1vel no Vetor Norte. O que \u00e9 legal \u00e9 que cada uma entende da sua parte e juntas ficam muito mais fortes. Fico feliz de ver a diversidade de pessoas que est\u00e3o se reunindo nesses encontros do projeto &#8220;Comunidade em Desenvolvimento&#8221;, tem a iniciativa privada, tem o terceiro setor, tem membros do governo executivo municipal. <strong>H\u00e1 muito tempo eu n\u00e3o via uma concilia\u00e7\u00e3o de pessoas de tanta qualidade e tanto envolvimento com a mesma causa, o desenvolvimento equilibrado de uma regi\u00e3o e o que estamos fazendo aqui pode\u00a0virar um modelo para o pa\u00eds. <\/strong><\/p>\n<h6>ConviverNews: Qual a import\u00e2ncia do terceiro setor, a sociedade civil organizada, no processo de desenvolvimento da nossa regi\u00e3o?<\/h6>\n<p><strong>Gilson Brito<\/strong>:\u00a0Defendemos a isonomia e o equil\u00edbrio.\u00a0Eu acho que o terceiro setor nesse ponto \u00e9 important\u00edssimo porque ele amplia muito a defesa estrita do interesse de um grupo espec\u00edfico e expande para uma unidade muito maior. Essa talvez seja a grande chance do terceiro setor, essa autonomia de n\u00e3o estar vinculado a uma ideologia espec\u00edfica. Pelo contr\u00e1rio, ele supera essa quest\u00e3o da ideologia que fica travada em um conceito e ampliando o discurso, ele consegue atrair muito mais atores, aumentando o tamanho dessa mesa, e por consequ\u00eancia, aumenta a qualidade dessa mesa que vai gerar o di\u00e1logo e a elabora\u00e7\u00e3o de a\u00e7\u00f5es muito efetivas.<\/p>\n<h6>ConviverNews: Na sua vis\u00e3o, como empresas, governos e sociedade civil organizada podem se unir e trabalhar juntas pelo crescimento sustent\u00e1vel do Vetor norte? Como o projeto \u201cComunidade em Desenvolvimento\u201d contribui nesse sentido?<\/h6>\n<p><strong>Gilson Brito:<\/strong> A \u00fanica forma que eu acredito de uni\u00e3o \u00e9 indiv\u00edduo a indiv\u00edduo. Porque cada um de n\u00f3s \u00e9 um influenciador no seu meio. Eu n\u00e3o acredito no movimento individual para a mudan\u00e7a de estruturas maiores, n\u00e3o acredito em organiza\u00e7\u00f5es de grupos sem a mobiliza\u00e7\u00e3o de indiv\u00edduos. Projetos como esse atraem lideran\u00e7as e essas lideran\u00e7as t\u00eam forte poder influenciador em grupos. Assim, vamos\u00a0conseguir fazer um movimento organizado da sociedade, porque na minha opini\u00e3o, <strong>a \u00fanica forma da gente ser representado e conseguir mudan\u00e7a efetiva \u00e9 com o movimento organizado<\/strong>, ou seja, movimentos institucionais organizados. Mas, isso come\u00e7a com um que encontra com outro e mais um. Cada um desses \u00e9 um l\u00edder em seu meio, em sua regi\u00e3o e vai fazendo uma integra\u00e7\u00e3o entre essas lideran\u00e7as e esses grupos diferentes e essa diversidade que garante que uma maioria vai ser beneficiada e n\u00e3o uma minoria.<\/p>\n<p><em><a href=\"http:\/\/eepurl.com\/cfORlb\"><img loading=\"lazy\" class=\"aligncenter wp-image-1548 size-full\" src=\"http:\/\/conviversabersocial.com.br\/wp-content\/uploads\/2016\/07\/Anuncios-revista-bem-de-vida.png\" alt=\"Anuncios revista bem de vida\" width=\"468\" height=\"60\" srcset=\"http:\/\/conviversabersocial.com.br\/wp-content\/uploads\/2016\/07\/Anuncios-revista-bem-de-vida.png 468w, http:\/\/conviversabersocial.com.br\/wp-content\/uploads\/2016\/07\/Anuncios-revista-bem-de-vida-300x38.png 300w\" sizes=\"(max-width: 468px) 100vw, 468px\" \/><\/a> <\/em><\/p>\n","protected":false},"excerpt":{"rendered":"<p>A\u00a0Associa\u00e7\u00e3o dos Desenvolvedores do Vetor Norte &#8211; AV Norte \u00e9 uma entidade privada sem fins lucrativos, que une interessados, das mais variadas \u00e1reas de atua\u00e7\u00e3o econ\u00f4mica e da sociedade civil, em promover o desenvolvimento harmonioso do Vetor Norte da regi\u00e3o metropolitana de Belo Horizonte. A associa\u00e7\u00e3o apoia o projeto da Conviver no projeto &#8220;Comunidade em [&hellip;]<\/p>\n","protected":false},"author":1,"featured_media":1825,"comment_status":"open","ping_status":"open","sticky":false,"template":"","format":"standard","meta":[],"categories":[2],"tags":[147,534,32,190,191,563,564,565,182],"_links":{"self":[{"href":"http:\/\/conviversabersocial.com.br\/index.php\/wp-json\/wp\/v2\/posts\/1824"}],"collection":[{"href":"http:\/\/conviversabersocial.com.br\/index.php\/wp-json\/wp\/v2\/posts"}],"about":[{"href":"http:\/\/conviversabersocial.com.br\/index.php\/wp-json\/wp\/v2\/types\/post"}],"author":[{"embeddable":true,"href":"http:\/\/conviversabersocial.com.br\/index.php\/wp-json\/wp\/v2\/users\/1"}],"replies":[{"embeddable":true,"href":"http:\/\/conviversabersocial.com.br\/index.php\/wp-json\/wp\/v2\/comments?post=1824"}],"version-history":[{"count":5,"href":"http:\/\/conviversabersocial.com.br\/index.php\/wp-json\/wp\/v2\/posts\/1824\/revisions"}],"predecessor-version":[{"id":1963,"href":"http:\/\/conviversabersocial.com.br\/index.php\/wp-json\/wp\/v2\/posts\/1824\/revisions\/1963"}],"wp:featuredmedia":[{"embeddable":true,"href":"http:\/\/conviversabersocial.com.br\/index.php\/wp-json\/wp\/v2\/media\/1825"}],"wp:attachment":[{"href":"http:\/\/conviversabersocial.com.br\/index.php\/wp-json\/wp\/v2\/media?parent=1824"}],"wp:term":[{"taxonomy":"category","embeddable":true,"href":"http:\/\/conviversabersocial.com.br\/index.php\/wp-json\/wp\/v2\/categories?post=1824"},{"taxonomy":"post_tag","embeddable":true,"href":"http:\/\/conviversabersocial.com.br\/index.php\/wp-json\/wp\/v2\/tags?post=1824"}],"curies":[{"name":"wp","href":"https:\/\/api.w.org\/{rel}","templated":true}]}}