{"id":1488,"date":"2016-03-15T22:57:18","date_gmt":"2016-03-16T01:57:18","guid":{"rendered":"http:\/\/conviversabersocial.com.br\/?p=1488"},"modified":"2016-03-16T14:16:35","modified_gmt":"2016-03-16T17:16:35","slug":"audiencia-publica-ira-discutir-marco-regulatorio-em-belo-horizonte","status":"publish","type":"post","link":"http:\/\/conviversabersocial.com.br\/index.php\/audiencia-publica-ira-discutir-marco-regulatorio-em-belo-horizonte\/","title":{"rendered":"Audi\u00eancia p\u00fablica ir\u00e1 discutir marco regulat\u00f3rio em Belo Horizonte"},"content":{"rendered":"<p><a href=\"http:\/\/conviversabersocial.com.br\/wp-content\/uploads\/2016\/03\/audienciapublicabh.jpg\"><img loading=\"lazy\" class=\"aligncenter size-full wp-image-1494\" src=\"http:\/\/conviversabersocial.com.br\/wp-content\/uploads\/2016\/03\/audienciapublicabh.jpg\" alt=\"audienciapublicabh\" width=\"940\" height=\"788\" srcset=\"http:\/\/conviversabersocial.com.br\/wp-content\/uploads\/2016\/03\/audienciapublicabh.jpg 940w, http:\/\/conviversabersocial.com.br\/wp-content\/uploads\/2016\/03\/audienciapublicabh-300x251.jpg 300w\" sizes=\"(max-width: 940px) 100vw, 940px\" \/><\/a><\/p>\n<p>\u00c0s 14h, desta sexta, 18 de mar\u00e7o, acontece Audi\u00eancia P\u00fablica na C\u00e2mara Municipal de BH\u00a0com a pauta: Discuss\u00e3o do Marco Regulat\u00f3rio do Terceiro Setor no Munic\u00edpio de Belo Horizonte.<\/p>\n<p>O evento foi sugerido durante o primeiro encontro do Ciclo de Fomento 2016, que aconteceu no dia 24 de fevereiro. Na ocasi\u00e3o, o vereador Heleno solicitou a realiza\u00e7\u00e3o da audi\u00eancia p\u00fablica para apresenta\u00e7\u00e3o pela Prefeitura de Belo Horizonte de como ser\u00e1 feita a normatiza\u00e7\u00e3o pelo munic\u00edpio da lei federal 13.019\/2014.<\/p>\n<p>A audi\u00eancia p\u00fablica acontece no Plen\u00e1rio Helv\u00e9cio Arantes (Av. dos Andradas, 3.100).<\/p>\n<p><a href=\"http:\/\/eepurl.com\/bUc5F9\"><img loading=\"lazy\" class=\"aligncenter wp-image-157 size-medium\" src=\"http:\/\/conviversabersocial.com.br\/wp-content\/uploads\/2014\/12\/voltar-300x38.png\" alt=\"voltar\" width=\"300\" height=\"38\" srcset=\"http:\/\/conviversabersocial.com.br\/wp-content\/uploads\/2014\/12\/voltar-300x38.png 300w, http:\/\/conviversabersocial.com.br\/wp-content\/uploads\/2014\/12\/voltar.png 468w\" sizes=\"(max-width: 300px) 100vw, 300px\" \/><\/a><\/p>\n","protected":false},"excerpt":{"rendered":"<p>\u00c0s 14h, desta sexta, 18 de mar\u00e7o, acontece Audi\u00eancia P\u00fablica na C\u00e2mara Municipal de BH\u00a0com a pauta: Discuss\u00e3o do Marco Regulat\u00f3rio do Terceiro Setor no Munic\u00edpio de Belo Horizonte. O evento foi sugerido durante o primeiro encontro do Ciclo de Fomento 2016, que aconteceu no dia 24 de fevereiro. Na ocasi\u00e3o, o vereador Heleno solicitou [&hellip;]<\/p>\n","protected":false},"author":1,"featured_media":1494,"comment_status":"open","ping_status":"open","sticky":false,"template":"","format":"standard","meta":[],"categories":[2],"tags":[509,325,353,511,275,510,512,178],"_links":{"self":[{"href":"http:\/\/conviversabersocial.com.br\/index.php\/wp-json\/wp\/v2\/posts\/1488"}],"collection":[{"href":"http:\/\/conviversabersocial.com.br\/index.php\/wp-json\/wp\/v2\/posts"}],"about":[{"href":"http:\/\/conviversabersocial.com.br\/index.php\/wp-json\/wp\/v2\/types\/post"}],"author":[{"embeddable":true,"href":"http:\/\/conviversabersocial.com.br\/index.php\/wp-json\/wp\/v2\/users\/1"}],"replies":[{"embeddable":true,"href":"http:\/\/conviversabersocial.com.br\/index.php\/wp-json\/wp\/v2\/comments?post=1488"}],"version-history":[{"count":3,"href":"http:\/\/conviversabersocial.com.br\/index.php\/wp-json\/wp\/v2\/posts\/1488\/revisions"}],"predecessor-version":[{"id":1499,"href":"http:\/\/conviversabersocial.com.br\/index.php\/wp-json\/wp\/v2\/posts\/1488\/revisions\/1499"}],"wp:featuredmedia":[{"embeddable":true,"href":"http:\/\/conviversabersocial.com.br\/index.php\/wp-json\/wp\/v2\/media\/1494"}],"wp:attachment":[{"href":"http:\/\/conviversabersocial.com.br\/index.php\/wp-json\/wp\/v2\/media?parent=1488"}],"wp:term":[{"taxonomy":"category","embeddable":true,"href":"http:\/\/conviversabersocial.com.br\/index.php\/wp-json\/wp\/v2\/categories?post=1488"},{"taxonomy":"post_tag","embeddable":true,"href":"http:\/\/conviversabersocial.com.br\/index.php\/wp-json\/wp\/v2\/tags?post=1488"}],"curies":[{"name":"wp","href":"https:\/\/api.w.org\/{rel}","templated":true}]}}