{"id":1436,"date":"2016-02-17T14:11:23","date_gmt":"2016-02-17T17:11:23","guid":{"rendered":"http:\/\/conviversabersocial.com.br\/?p=1436"},"modified":"2016-02-17T15:33:01","modified_gmt":"2016-02-17T18:33:01","slug":"casa-lar-pingo-de-luz","status":"publish","type":"post","link":"http:\/\/conviversabersocial.com.br\/index.php\/casa-lar-pingo-de-luz\/","title":{"rendered":"Casa Lar Pingo de Luz"},"content":{"rendered":"<p><img loading=\"lazy\" class=\"aligncenter size-large wp-image-1437\" src=\"http:\/\/conviversabersocial.com.br\/wp-content\/uploads\/2016\/02\/pingosdeluz-1024x614.jpg\" alt=\"pingosdeluz\" width=\"1024\" height=\"614\" srcset=\"http:\/\/conviversabersocial.com.br\/wp-content\/uploads\/2016\/02\/pingosdeluz-1024x614.jpg 1024w, http:\/\/conviversabersocial.com.br\/wp-content\/uploads\/2016\/02\/pingosdeluz-300x180.jpg 300w, http:\/\/conviversabersocial.com.br\/wp-content\/uploads\/2016\/02\/pingosdeluz.jpg 1600w\" sizes=\"(max-width: 1024px) 100vw, 1024px\" \/><\/p>\n<p>A <strong>Associa\u00e7\u00e3o de Prote\u00e7\u00e3o \u00e0 Maternidade, Inf\u00e2ncia e Velhice de Patos de\u00a0Minas<\/strong>, simplesmente denominada, <strong>ASPROMIVE<\/strong> \u00e9 uma entidade de\u00a0assist\u00eancia social, de car\u00e1ter filantr\u00f3pico, de direito privado, sem fins lucrativos,\u00a0que atua nas \u00e1reas da educa\u00e7\u00e3o e de assist\u00eancia social, com atividade\u00a0preponderante na \u00e1rea beneficente de assist\u00eancia social. Esta institui\u00e7\u00e3o\u00a0iniciou seus trabalhos em 23 de agosto de 1957, na cidade de Patos de Minas-MG e atualmente acolhe e acompanha crian\u00e7as e adolescentes, sob medida de\u00a0prote\u00e7\u00e3o nos munic\u00edpios de Patos de Minas, Santana-AP e Lagoa Santa-MG.\u00a0Atuamos ainda na educa\u00e7\u00e3o infantil em creche no munic\u00edpio de Arax\u00e1-MG, al\u00e9m\u00a0de prestarmos servi\u00e7os aos idosos em Patos de Minas-MG e em nossa filial no\u00a0munic\u00edpio de Lagoa Santa-MG.<\/p>\n<p>As crian\u00e7as e os adolescentes s\u00e3o acolhidas em unidades de acordo com a\u00a0faixa et\u00e1ria e o que caracteriza o trabalho cont\u00ednuo e sistem\u00e1tico \u00e9 o\u00a0atendimento em estilo familiar com o acompanhamento da m\u00e3e social. A\u00a0ASPROMIVE \u00e9 declarada de Utilidade P\u00fablica Federal desde 31 de outubro de\u00a01968 conforme Decreto 6.504 e possui Registro no CNSS conforme processo\u00a0035.211\/66 de 29\/07\/1966. \u00c9 inscrita ainda no CMAS de Patos de Minas sob o\u00a0n\u00famero 012\/01, al\u00e9m de possuir o CEBAS (Certificado de Entidade Beneficente de Assist\u00eancia Social sob o n\u00famero 71010.004839\/2006-40.<\/p>\n<p>A ASPROMIVE (<strong>Casa lar Pingo de Luz<\/strong>) \u00e9 inscrita ainda no CMAS de\u00a0Lagoa Santa-MG sob o n\u00famero 018\/2015 e no CMDCA sob o n\u00famero\u00a0016\/2015 e neste munic\u00edpio temos capacidade para acolher at\u00e9 10 meninas de\u00a010 a 18 anos em uma Casa Lar onde a M\u00e3e Social Trabalha diuturnamente,\u00a0juntamente com a equipe t\u00e9cnica para atender as demandas das acolhidas.<\/p>\n<p>Tel.\u00a03681-1490<\/p>\n<p><a href=\"http:\/\/eepurl.com\/bQI7cT\"><img loading=\"lazy\" class=\"aligncenter wp-image-157 size-full\" src=\"http:\/\/conviversabersocial.com.br\/wp-content\/uploads\/2014\/12\/voltar.png\" alt=\"voltar\" width=\"468\" height=\"60\" srcset=\"http:\/\/conviversabersocial.com.br\/wp-content\/uploads\/2014\/12\/voltar.png 468w, http:\/\/conviversabersocial.com.br\/wp-content\/uploads\/2014\/12\/voltar-300x38.png 300w\" sizes=\"(max-width: 468px) 100vw, 468px\" \/><\/a><\/p>\n","protected":false},"excerpt":{"rendered":"<p>A Associa\u00e7\u00e3o de Prote\u00e7\u00e3o \u00e0 Maternidade, Inf\u00e2ncia e Velhice de Patos de\u00a0Minas, simplesmente denominada, ASPROMIVE \u00e9 uma entidade de\u00a0assist\u00eancia social, de car\u00e1ter filantr\u00f3pico, de direito privado, sem fins lucrativos,\u00a0que atua nas \u00e1reas da educa\u00e7\u00e3o e de assist\u00eancia social, com atividade\u00a0preponderante na \u00e1rea beneficente de assist\u00eancia social. Esta institui\u00e7\u00e3o\u00a0iniciou seus trabalhos em 23 de agosto de [&hellip;]<\/p>\n","protected":false},"author":1,"featured_media":1437,"comment_status":"open","ping_status":"open","sticky":false,"template":"","format":"standard","meta":[],"categories":[2],"tags":[491,252,490,72,492],"_links":{"self":[{"href":"http:\/\/conviversabersocial.com.br\/index.php\/wp-json\/wp\/v2\/posts\/1436"}],"collection":[{"href":"http:\/\/conviversabersocial.com.br\/index.php\/wp-json\/wp\/v2\/posts"}],"about":[{"href":"http:\/\/conviversabersocial.com.br\/index.php\/wp-json\/wp\/v2\/types\/post"}],"author":[{"embeddable":true,"href":"http:\/\/conviversabersocial.com.br\/index.php\/wp-json\/wp\/v2\/users\/1"}],"replies":[{"embeddable":true,"href":"http:\/\/conviversabersocial.com.br\/index.php\/wp-json\/wp\/v2\/comments?post=1436"}],"version-history":[{"count":2,"href":"http:\/\/conviversabersocial.com.br\/index.php\/wp-json\/wp\/v2\/posts\/1436\/revisions"}],"predecessor-version":[{"id":1453,"href":"http:\/\/conviversabersocial.com.br\/index.php\/wp-json\/wp\/v2\/posts\/1436\/revisions\/1453"}],"wp:featuredmedia":[{"embeddable":true,"href":"http:\/\/conviversabersocial.com.br\/index.php\/wp-json\/wp\/v2\/media\/1437"}],"wp:attachment":[{"href":"http:\/\/conviversabersocial.com.br\/index.php\/wp-json\/wp\/v2\/media?parent=1436"}],"wp:term":[{"taxonomy":"category","embeddable":true,"href":"http:\/\/conviversabersocial.com.br\/index.php\/wp-json\/wp\/v2\/categories?post=1436"},{"taxonomy":"post_tag","embeddable":true,"href":"http:\/\/conviversabersocial.com.br\/index.php\/wp-json\/wp\/v2\/tags?post=1436"}],"curies":[{"name":"wp","href":"https:\/\/api.w.org\/{rel}","templated":true}]}}