{"id":1428,"date":"2016-02-17T14:30:37","date_gmt":"2016-02-17T17:30:37","guid":{"rendered":"http:\/\/conviversabersocial.com.br\/?p=1428"},"modified":"2016-02-17T15:31:51","modified_gmt":"2016-02-17T18:31:51","slug":"cia-produzacao-cenica-comemora-15-anos","status":"publish","type":"post","link":"http:\/\/conviversabersocial.com.br\/index.php\/cia-produzacao-cenica-comemora-15-anos\/","title":{"rendered":"Cia ProduzA\u00e7\u00e3o C\u00eanica comemora 15 anos!"},"content":{"rendered":"<p><a href=\"http:\/\/conviversabersocial.com.br\/wp-content\/uploads\/2016\/02\/folder-eletronico-mostra-1.jpg\"><img loading=\"lazy\" class=\"aligncenter size-large wp-image-1440\" src=\"http:\/\/conviversabersocial.com.br\/wp-content\/uploads\/2016\/02\/folder-eletronico-mostra-1-724x1024.jpg\" alt=\"folder-eletronico-mostra (1)\" width=\"724\" height=\"1024\" srcset=\"http:\/\/conviversabersocial.com.br\/wp-content\/uploads\/2016\/02\/folder-eletronico-mostra-1-724x1024.jpg 724w, http:\/\/conviversabersocial.com.br\/wp-content\/uploads\/2016\/02\/folder-eletronico-mostra-1-212x300.jpg 212w, http:\/\/conviversabersocial.com.br\/wp-content\/uploads\/2016\/02\/folder-eletronico-mostra-1.jpg 1200w\" sizes=\"(max-width: 724px) 100vw, 724px\" \/><\/a><\/p>\n<p>A <strong>Produz A\u00e7\u00e3o C\u00eanica<\/strong> comemora 15 anos de trajet\u00f3ria com a realiza\u00e7\u00e3o da <strong>II Mostra A\u00e7\u00e3o C\u00eanica \u2013 Edi\u00e7\u00e3o Boca a Boca.<\/strong> De fevereiro a maio, o p\u00fablico de Confins e regi\u00e3o poder\u00e1 conferir uma programa\u00e7\u00e3o extensa e totalmente gratuita formada por cinema, espet\u00e1culos adultos e infantis, oficinas e semin\u00e1rios. A abertura acontece nos dias 20 e 21 de fevereiro com o lan\u00e7amento do filme \u201cCidade das Mem\u00f3rias\u201d, com dire\u00e7\u00e3o e roteiro de Carluty Ferreira.<\/p>\n<p>Todas as atra\u00e7\u00f5es da \u201cII Mostra A\u00e7\u00e3o C\u00eanica \u2013 Edi\u00e7\u00e3o Boca a Boca\u201d\u00a0 acontecer\u00e3o em pra\u00e7as, projetos sociais e escolas da cidade de Confins. Entre as atra\u00e7\u00f5es est\u00e3o os espet\u00e1culos \u201dO Golpe\u201d, de Wesley Marchiori e dire\u00e7\u00e3o de Chica Reis; \u201cDi\u00e1rio de um Louco\u201d, de Nicolai Gogol e dire\u00e7\u00e3o de Glicerio Ros\u00e1rio; \u201cCrian\u00e7as Invis\u00edveis\u201d, de Carluty Ferreira e \u00a0dire\u00e7\u00e3o de Luiz Hermidas &#8211; vencedor dos pr\u00eamios de Melhor Ator para Carluty Ferreira e Melhor Atriz para Andrea Baruqui em 2009; \u00a0e participa\u00e7\u00e3o do grupo convidado Cia. Pequi de Teatro, de Lagoa Santa, com a pe\u00e7a \u201cA Terra Treme\u201d, com dire\u00e7\u00e3o de Carluty Ferreira. Haver\u00e1 ainda semin\u00e1rios sobre temas como artesanato com material recicl\u00e1vel, produ\u00e7\u00e3o cultural e acesso e direito cultural; e oficinas de teatro, adere\u00e7os e figurinos, artesanato, opera\u00e7\u00e3o e design de luz.<\/p>\n<p><strong>\u201cII Mostra A\u00e7\u00e3o C\u00eanica \u2013 Edi\u00e7\u00e3o Boca a Boca\u201d<\/strong><br \/>\n&#8211; Abertura dia 20 e 21\/02 com o lan\u00e7amento do filme \u201cCidade das memorias\u201d<br \/>\nDia 20 \u2013 Rua Jos\u00e9 Ant\u00f4nio Gon\u00e7alves S\/N &#8211; Bairro Tavares \u2013 Par\u00f3quia de Santo Ant\u00f4nio, Confins, \u00e0s 20h\u00a0 &#8211; Entrada Franca<br \/>\nDia 21 &#8211; Espa\u00e7o Craslem \u2013 rua Lagoa Santa 63, bairro Gameleira, Confins, \u00e0s 20h \u2013 Entrada Franca<\/p>\n<p><a href=\"http:\/\/conviversabersocial.com.br\/wp-content\/uploads\/2016\/02\/convite-1.jpg\"><img loading=\"lazy\" class=\"aligncenter size-large wp-image-1439\" src=\"http:\/\/conviversabersocial.com.br\/wp-content\/uploads\/2016\/02\/convite-1-1024x731.jpg\" alt=\"convite (1)\" width=\"1024\" height=\"731\" srcset=\"http:\/\/conviversabersocial.com.br\/wp-content\/uploads\/2016\/02\/convite-1-1024x731.jpg 1024w, http:\/\/conviversabersocial.com.br\/wp-content\/uploads\/2016\/02\/convite-1-300x214.jpg 300w, http:\/\/conviversabersocial.com.br\/wp-content\/uploads\/2016\/02\/convite-1.jpg 1200w\" sizes=\"(max-width: 1024px) 100vw, 1024px\" \/><\/a><\/p>\n<h3>Filme Cidade das Mem\u00f3rias<\/h3>\n<p>O filme <b>\u201cCidade das Mem\u00f3rias\u201d<\/b> foi produzido com o objetivo de difundir a mem\u00f3ria e tradi\u00e7\u00e3o dos povoados que surgiram no inicio do s\u00e9culo XIX, e que foram construindo em ambiente de prote\u00e7\u00e3o familiar, da natureza, mantendo sua tradi\u00e7\u00e3o cultural para resgatar valores e comportamentos que se perderam nos dia atuais. Pensado e produzido com recursos mais simples, o filme manteve sua ess\u00eancia que est\u00e1 calcada no universo da crian\u00e7a, em que a magia e os sonhos s\u00e3o virtudes de f\u00e9 e esperan\u00e7a.<\/p>\n<p><b>Cidade das Mem\u00f3rias<\/b> retrata os melhores tempos de nossas vidas, onde o destino de cada um na inf\u00e2ncia \u00e9 anunciado como milagre, ou seja, isto ou aquilo \u00e9 o nosso destino, e devemos seguir sem medos. Ao colocar em cena hist\u00f3rias representada por crian\u00e7as, sobre um pequeno povoado no inicio do s\u00e9culo XIX, o filme se preenche de nostalgia, saudosismo e mem\u00f3rias para que o expectador construa em seu imagin\u00e1rio, saudades do seu tempo de inf\u00e2ncia. Um filme que traz um recorte maravilhoso da vida: a velhice cheia de saudosismo e mem\u00f3rias; a juventude cheia de vigor e proje\u00e7\u00f5es do futuro; as duas fases do homem que ser\u00e3o para sempre mem\u00f3rias de grande sabedoria. Com uma fotografia marcada por fazendas, lagoas, florestas e animais silvestres.<\/p>\n<p><a href=\"http:\/\/eepurl.com\/bQI7cT\"><img loading=\"lazy\" class=\"aligncenter wp-image-157 size-full\" src=\"http:\/\/conviversabersocial.com.br\/wp-content\/uploads\/2014\/12\/voltar.png\" alt=\"voltar\" width=\"468\" height=\"60\" srcset=\"http:\/\/conviversabersocial.com.br\/wp-content\/uploads\/2014\/12\/voltar.png 468w, http:\/\/conviversabersocial.com.br\/wp-content\/uploads\/2014\/12\/voltar-300x38.png 300w\" sizes=\"(max-width: 468px) 100vw, 468px\" \/><\/a><\/p>\n","protected":false},"excerpt":{"rendered":"<p>A Produz A\u00e7\u00e3o C\u00eanica comemora 15 anos de trajet\u00f3ria com a realiza\u00e7\u00e3o da II Mostra A\u00e7\u00e3o C\u00eanica \u2013 Edi\u00e7\u00e3o Boca a Boca. De fevereiro a maio, o p\u00fablico de Confins e regi\u00e3o poder\u00e1 conferir uma programa\u00e7\u00e3o extensa e totalmente gratuita formada por cinema, espet\u00e1culos adultos e infantis, oficinas e semin\u00e1rios. A abertura acontece nos dias [&hellip;]<\/p>\n","protected":false},"author":1,"featured_media":1439,"comment_status":"open","ping_status":"open","sticky":false,"template":"","format":"standard","meta":[],"categories":[2],"tags":[25,493,29,494,291,495,183,112,182],"_links":{"self":[{"href":"http:\/\/conviversabersocial.com.br\/index.php\/wp-json\/wp\/v2\/posts\/1428"}],"collection":[{"href":"http:\/\/conviversabersocial.com.br\/index.php\/wp-json\/wp\/v2\/posts"}],"about":[{"href":"http:\/\/conviversabersocial.com.br\/index.php\/wp-json\/wp\/v2\/types\/post"}],"author":[{"embeddable":true,"href":"http:\/\/conviversabersocial.com.br\/index.php\/wp-json\/wp\/v2\/users\/1"}],"replies":[{"embeddable":true,"href":"http:\/\/conviversabersocial.com.br\/index.php\/wp-json\/wp\/v2\/comments?post=1428"}],"version-history":[{"count":4,"href":"http:\/\/conviversabersocial.com.br\/index.php\/wp-json\/wp\/v2\/posts\/1428\/revisions"}],"predecessor-version":[{"id":1452,"href":"http:\/\/conviversabersocial.com.br\/index.php\/wp-json\/wp\/v2\/posts\/1428\/revisions\/1452"}],"wp:featuredmedia":[{"embeddable":true,"href":"http:\/\/conviversabersocial.com.br\/index.php\/wp-json\/wp\/v2\/media\/1439"}],"wp:attachment":[{"href":"http:\/\/conviversabersocial.com.br\/index.php\/wp-json\/wp\/v2\/media?parent=1428"}],"wp:term":[{"taxonomy":"category","embeddable":true,"href":"http:\/\/conviversabersocial.com.br\/index.php\/wp-json\/wp\/v2\/categories?post=1428"},{"taxonomy":"post_tag","embeddable":true,"href":"http:\/\/conviversabersocial.com.br\/index.php\/wp-json\/wp\/v2\/tags?post=1428"}],"curies":[{"name":"wp","href":"https:\/\/api.w.org\/{rel}","templated":true}]}}