{"id":1324,"date":"2015-11-24T18:49:39","date_gmt":"2015-11-24T21:49:39","guid":{"rendered":"http:\/\/conviversabersocial.com.br\/?p=1324"},"modified":"2015-11-24T19:13:33","modified_gmt":"2015-11-24T22:13:33","slug":"venha-assistir-a-fabrica-de-natal-no-geaa","status":"publish","type":"post","link":"http:\/\/conviversabersocial.com.br\/index.php\/venha-assistir-a-fabrica-de-natal-no-geaa\/","title":{"rendered":"Venha assistir a F\u00e1brica de Natal no GEAA"},"content":{"rendered":"<p>Respeit\u00e1vel p\u00fablico! O <strong>Projeto Cata Vento Cata M\u00fasica Cata Cultura<\/strong>, realizado pela <strong>Conviver Saber Social<\/strong>, com apoio do <strong>GEAA<\/strong> e patroc\u00ednio da <a href=\"http:\/\/www.supermix.com.br\/\" target=\"_blank\"><strong>Supermix<\/strong><\/a> apresenta o espet\u00e1culo &#8220;A F\u00e1brica de Natal&#8221;!<\/p>\n<p>\u00c9 sexta-feira, 4 de dezembro, \u00e0s 18h30, na Casa Sr. Tito &#8211; Rua Rita Teixeira, 230 &#8211; Palmital.<\/p>\n<p>O espet\u00e1culo <strong>&#8220;A F\u00e1brica de Natal&#8221;<\/strong> une as habilidades dos alunos da oficina de circo da Casa Sr. Tito com a magia no Natal. A energia que faz essa f\u00e1brica funcionar s\u00e3o os sentimentos e temos muitos bons sentimentos para compartilhar com voc\u00ea! Venha!!<\/p>\n<p>&nbsp;<\/p>\n<figure id=\"attachment_1325\" aria-describedby=\"caption-attachment-1325\" style=\"width: 960px\" class=\"wp-caption aligncenter\"><img loading=\"lazy\" class=\"size-full wp-image-1325\" src=\"http:\/\/conviversabersocial.com.br\/wp-content\/uploads\/2015\/11\/11873364_754680437991520_5058648633557511746_n.jpg\" alt=\"Foto Carolina C\u00e2ndido\" width=\"960\" height=\"720\" srcset=\"http:\/\/conviversabersocial.com.br\/wp-content\/uploads\/2015\/11\/11873364_754680437991520_5058648633557511746_n.jpg 960w, http:\/\/conviversabersocial.com.br\/wp-content\/uploads\/2015\/11\/11873364_754680437991520_5058648633557511746_n-300x225.jpg 300w\" sizes=\"(max-width: 960px) 100vw, 960px\" \/><figcaption id=\"caption-attachment-1325\" class=\"wp-caption-text\">Foto Carolina C\u00e2ndido<\/figcaption><\/figure>\n<p><strong>Ficha t\u00e9cnica do espet\u00e1culo<\/strong><\/p>\n<p>Dire\u00e7\u00e3o: Lais Oliveira e Thais Oliveira<\/p>\n<p>Coordena\u00e7\u00e3o executiva e de produ\u00e7\u00e3o: Fl\u00e1via Pinheiro<\/p>\n<p>Figurino e adere\u00e7os: Fl\u00e1via Pinheiro e Andreia Barcelos<\/p>\n<p>Maquiagem: Igor Andreoni \u2013 O Imagin\u00e1vel<\/p>\n<p>Grava\u00e7\u00e3o m\u00fasica \u201cNatal Natal\u201d: Alan Cur\u00e1tola<\/p>\n<p>Ilumina\u00e7\u00e3o: Wladimir Medeiros<\/p>\n<p>Operador de Som: Luis Brasiel<\/p>\n<p>Fotografia: Maria Eduarda Miranda<\/p>\n<p>Grava\u00e7\u00e3o Audio Visual: Matheus Rodrigues<\/p>\n<p>Equipe de produ\u00e7\u00e3o: Camila Amaral, Ana Luiza Casarini,\u00a0Nilza In\u00e1cia, Maycon Queiroz, Talita Maciel e Layane.<\/p>\n<p>Contadora de hist\u00f3rias: Alessandra Visentin<\/p>\n<p>Elenco: Andressa, Andr\u00e9, Cynd, \u00c9dson, Felipe, Geovana,\u00a0Juliano, Lenno, Maicon Moura, Nat\u00e1lia, Noemy, Pedro Lucas,\u00a0Pedro Henrique, Vin\u00edcius, Analice, Risya, Maria Eduarda,\u00a0Maicon Douglas.<\/p>\n<p><a href=\"http:\/\/eepurl.com\/bHjcXb\"><img loading=\"lazy\" class=\"aligncenter size-full wp-image-157\" src=\"http:\/\/conviversabersocial.com.br\/wp-content\/uploads\/2014\/12\/voltar.png\" alt=\"voltar\" width=\"468\" height=\"60\" srcset=\"http:\/\/conviversabersocial.com.br\/wp-content\/uploads\/2014\/12\/voltar.png 468w, http:\/\/conviversabersocial.com.br\/wp-content\/uploads\/2014\/12\/voltar-300x38.png 300w\" sizes=\"(max-width: 468px) 100vw, 468px\" \/><\/a><\/p>\n","protected":false},"excerpt":{"rendered":"<p>Respeit\u00e1vel p\u00fablico! O Projeto Cata Vento Cata M\u00fasica Cata Cultura, realizado pela Conviver Saber Social, com apoio do GEAA e patroc\u00ednio da Supermix apresenta o espet\u00e1culo &#8220;A F\u00e1brica de Natal&#8221;! \u00c9 sexta-feira, 4 de dezembro, \u00e0s 18h30, na Casa Sr. Tito &#8211; Rua Rita Teixeira, 230 &#8211; Palmital. O espet\u00e1culo &#8220;A F\u00e1brica de Natal&#8221; une [&hellip;]<\/p>\n","protected":false},"author":1,"featured_media":1325,"comment_status":"open","ping_status":"open","sticky":false,"template":"","format":"standard","meta":[],"categories":[2],"tags":[21,459,228,32,35,46,59,63,72,457,97,458],"_links":{"self":[{"href":"http:\/\/conviversabersocial.com.br\/index.php\/wp-json\/wp\/v2\/posts\/1324"}],"collection":[{"href":"http:\/\/conviversabersocial.com.br\/index.php\/wp-json\/wp\/v2\/posts"}],"about":[{"href":"http:\/\/conviversabersocial.com.br\/index.php\/wp-json\/wp\/v2\/types\/post"}],"author":[{"embeddable":true,"href":"http:\/\/conviversabersocial.com.br\/index.php\/wp-json\/wp\/v2\/users\/1"}],"replies":[{"embeddable":true,"href":"http:\/\/conviversabersocial.com.br\/index.php\/wp-json\/wp\/v2\/comments?post=1324"}],"version-history":[{"count":3,"href":"http:\/\/conviversabersocial.com.br\/index.php\/wp-json\/wp\/v2\/posts\/1324\/revisions"}],"predecessor-version":[{"id":1329,"href":"http:\/\/conviversabersocial.com.br\/index.php\/wp-json\/wp\/v2\/posts\/1324\/revisions\/1329"}],"wp:featuredmedia":[{"embeddable":true,"href":"http:\/\/conviversabersocial.com.br\/index.php\/wp-json\/wp\/v2\/media\/1325"}],"wp:attachment":[{"href":"http:\/\/conviversabersocial.com.br\/index.php\/wp-json\/wp\/v2\/media?parent=1324"}],"wp:term":[{"taxonomy":"category","embeddable":true,"href":"http:\/\/conviversabersocial.com.br\/index.php\/wp-json\/wp\/v2\/categories?post=1324"},{"taxonomy":"post_tag","embeddable":true,"href":"http:\/\/conviversabersocial.com.br\/index.php\/wp-json\/wp\/v2\/tags?post=1324"}],"curies":[{"name":"wp","href":"https:\/\/api.w.org\/{rel}","templated":true}]}}