{"id":1292,"date":"2015-11-09T14:04:13","date_gmt":"2015-11-09T17:04:13","guid":{"rendered":"http:\/\/conviversabersocial.com.br\/?p=1292"},"modified":"2015-11-10T22:10:24","modified_gmt":"2015-11-11T01:10:24","slug":"workshop-novas-fronteiras-da-escola-em-lagoa-santa","status":"publish","type":"post","link":"http:\/\/conviversabersocial.com.br\/index.php\/workshop-novas-fronteiras-da-escola-em-lagoa-santa\/","title":{"rendered":"Workshop Novas Fronteiras da Escola em Lagoa Santa"},"content":{"rendered":"<p><img loading=\"lazy\" class=\"aligncenter size-large wp-image-1298\" src=\"http:\/\/conviversabersocial.com.br\/wp-content\/uploads\/2015\/11\/12191148_1054230481276511_1460691131043786090_o-1024x683.jpg\" alt=\"12191148_1054230481276511_1460691131043786090_o\" width=\"1024\" height=\"683\" srcset=\"http:\/\/conviversabersocial.com.br\/wp-content\/uploads\/2015\/11\/12191148_1054230481276511_1460691131043786090_o-1024x683.jpg 1024w, http:\/\/conviversabersocial.com.br\/wp-content\/uploads\/2015\/11\/12191148_1054230481276511_1460691131043786090_o-300x200.jpg 300w, http:\/\/conviversabersocial.com.br\/wp-content\/uploads\/2015\/11\/12191148_1054230481276511_1460691131043786090_o.jpg 1152w\" sizes=\"(max-width: 1024px) 100vw, 1024px\" \/><\/p>\n<p>Certamente, todos os mais de 100 participantes do workshop <strong>Novas Fronteiras da Escola<\/strong>, da <a href=\"http:\/\/educacao.faber-castell.com.br\/\" target=\"_blank\"><strong>Faber Castell<\/strong><\/a>, com a soci\u00f3loga <strong>Lourdes Ati\u00e9<\/strong>, realizado pela <strong>Conviver Saber Social<\/strong> com o apoio do IC&amp;A\/PCDI, ao sa\u00edrem do centro de conven\u00e7\u00f5es do Hotel Ramada em <strong>Lagoa Santa<\/strong>, olharam para as ruas e para a cidade ao seu redor de um jeito diferente.<\/p>\n<p>Com descontra\u00e7\u00e3o, Lourdes\u00a0ensinou \u00e0 plateia formada principalmente por representantes de organiza\u00e7\u00f5es da sociedade civil que a cidade educa e a escola est\u00e1 longe de ser o \u00fanico espa\u00e7o de educa\u00e7\u00e3o. Pessoas de Lagoa Santa, Belo Horizonte, Vespasiano, Confins, S\u00e3o Jos\u00e9 da Lapa, Sete Lagoas, Curvelo e Betim refletiram sobre a escola sem muros e os diversos ambientes de aprendizagem.<\/p>\n<p><img loading=\"lazy\" class=\"alignleft wp-image-1297 size-medium\" src=\"http:\/\/conviversabersocial.com.br\/wp-content\/uploads\/2015\/11\/12194919_1054232447942981_2029761330843187169_o-300x200.jpg\" alt=\"12194919_1054232447942981_2029761330843187169_o\" width=\"300\" height=\"200\" srcset=\"http:\/\/conviversabersocial.com.br\/wp-content\/uploads\/2015\/11\/12194919_1054232447942981_2029761330843187169_o-300x200.jpg 300w, http:\/\/conviversabersocial.com.br\/wp-content\/uploads\/2015\/11\/12194919_1054232447942981_2029761330843187169_o-1024x683.jpg 1024w, http:\/\/conviversabersocial.com.br\/wp-content\/uploads\/2015\/11\/12194919_1054232447942981_2029761330843187169_o.jpg 1152w\" sizes=\"(max-width: 300px) 100vw, 300px\" \/>&#8220;A escola hoje sabe que sozinha n\u00e3o \u00e9 capaz de educar e \u00e9 hora dela se abrir para novos ambientes de aprendizagem. A cidade virou um lugar de passagem e n\u00e3o mais um lugar de encontro e mesmo assim, a cidade educa e a crian\u00e7a v\u00ea a cidade pela janela&#8221;, explicou Lourdes, enfatizando o quanto estamos desconectados do nosso entorno e n\u00e3o sabemos mais o espa\u00e7o que ocupamos e que isso tamb\u00e9m est\u00e1 afetando as crian\u00e7as.<\/p>\n<p>&#8220;Temos que fazer uma cidade com pedagogia\u00a0e\u00a0ensinar crian\u00e7as e jovens a enxergar e entender a cidade. Quem n\u00e3o est\u00e1 conectado com o espa\u00e7o onde est\u00e1, fica \u00e0 deriva de outros. Hoje h\u00e1 um movimento mundial de recuperar as ruas, principalmente, pelas crian\u00e7as&#8221;, contou e citou exemplos de cidades educadoras pelo mundo a fora.<\/p>\n<p><img loading=\"lazy\" class=\"alignright size-medium wp-image-1295\" src=\"http:\/\/conviversabersocial.com.br\/wp-content\/uploads\/2015\/11\/12194881_1054234774609415_2502921744851653725_o-300x200.jpg\" alt=\"12194881_1054234774609415_2502921744851653725_o\" width=\"300\" height=\"200\" srcset=\"http:\/\/conviversabersocial.com.br\/wp-content\/uploads\/2015\/11\/12194881_1054234774609415_2502921744851653725_o-300x200.jpg 300w, http:\/\/conviversabersocial.com.br\/wp-content\/uploads\/2015\/11\/12194881_1054234774609415_2502921744851653725_o-1024x683.jpg 1024w, http:\/\/conviversabersocial.com.br\/wp-content\/uploads\/2015\/11\/12194881_1054234774609415_2502921744851653725_o.jpg 1152w\" sizes=\"(max-width: 300px) 100vw, 300px\" \/>Com leveza e provocando muitas risadas, Lourdes fez todos refletirem sobre\u00a0qual o\u00a0papel da escola na contemporaneidade e a necessidade de quebrarmos paradigmas. &#8220;A escola do s\u00e9culo 21 \u00e9 a escola simples, \u00e9 a escola emp\u00e1tica&#8221;, disse a soci\u00f3loga, lembrando que\u00a0aprender \u00e9 desenvolver a curiosidade, brinquedos n\u00e3o s\u00e3o sin\u00f4nimo de brincadeira e o bom professor n\u00e3o \u00e9 aquele com todas as respostas, mas sim aquele que faz as indaga\u00e7\u00f5es corretas, que inspira a autoria e autonomia dos alunos.<\/p>\n<p>A ativa proposta para os participantes foi construir a cidade dos sonhos sob um pano onde j\u00e1 estavam tra\u00e7adas ruas. Usando massinha, papel, tesoura, palitos e canetinhas, constru\u00edram uma cidade dos sonhos que contou com muitos espa\u00e7os abertos de conviv\u00eancia social e com a natureza.<\/p>\n<p><img loading=\"lazy\" class=\"alignleft size-medium wp-image-1294\" src=\"http:\/\/conviversabersocial.com.br\/wp-content\/uploads\/2015\/11\/12182685_1054236864609206_311482858394846024_o-300x200.jpg\" alt=\"12182685_1054236864609206_311482858394846024_o\" width=\"300\" height=\"200\" srcset=\"http:\/\/conviversabersocial.com.br\/wp-content\/uploads\/2015\/11\/12182685_1054236864609206_311482858394846024_o-300x200.jpg 300w, http:\/\/conviversabersocial.com.br\/wp-content\/uploads\/2015\/11\/12182685_1054236864609206_311482858394846024_o-1024x683.jpg 1024w, http:\/\/conviversabersocial.com.br\/wp-content\/uploads\/2015\/11\/12182685_1054236864609206_311482858394846024_o.jpg 1152w\" sizes=\"(max-width: 300px) 100vw, 300px\" \/>Foi com o livro &#8220;A professora encantadora&#8221;, de Marcio Vassalo, que Lourdes encerrou o workshop de uma maneira emocionante. &#8220;Eu n\u00e3o educo se n\u00e3o estiver apaixonada, encantada pela educa\u00e7\u00e3o. N\u00e3o posso encantar, se n\u00e3o estiver encantada. As crian\u00e7as e os jovens n\u00e3o merecem pessoas desencantadas. A capacidade que o educador tem de encantar e desencantar \u00e9 muito maior do que imaginamos&#8221;, finalizou Lourdes.<\/p>\n<p>Todos os participantes receberam o caderno com o programa escolar 2015\/2016 da Faber Castell, &#8220;Novas Fronteiras da Escola &#8211; A Escola Aberta ao Mundo&#8221;, certificado e uma caixa de l\u00e1pis de cor.<\/p>\n<p>O programa escolar da Faber Castell estabelece um di\u00e1logo com a escola de ensino b\u00e1sico brasileira, conversando anualmente com 12 mil professores, por meio dos workshops realizados por todo o pa\u00eds.<\/p>\n<p><img loading=\"lazy\" class=\"aligncenter wp-image-1296 size-large\" src=\"http:\/\/conviversabersocial.com.br\/wp-content\/uploads\/2015\/11\/10551563_1054234341276125_7032301536851697988_o-1024x683.jpg\" alt=\"10551563_1054234341276125_7032301536851697988_o\" width=\"1024\" height=\"683\" srcset=\"http:\/\/conviversabersocial.com.br\/wp-content\/uploads\/2015\/11\/10551563_1054234341276125_7032301536851697988_o-1024x683.jpg 1024w, http:\/\/conviversabersocial.com.br\/wp-content\/uploads\/2015\/11\/10551563_1054234341276125_7032301536851697988_o-300x200.jpg 300w, http:\/\/conviversabersocial.com.br\/wp-content\/uploads\/2015\/11\/10551563_1054234341276125_7032301536851697988_o.jpg 1152w\" sizes=\"(max-width: 1024px) 100vw, 1024px\" \/><\/p>\n<p><a href=\"http:\/\/eepurl.com\/bFtqOD\"><img loading=\"lazy\" class=\"aligncenter wp-image-157 size-full\" src=\"http:\/\/conviversabersocial.com.br\/wp-content\/uploads\/2014\/12\/voltar.png\" alt=\"voltar\" width=\"468\" height=\"60\" srcset=\"http:\/\/conviversabersocial.com.br\/wp-content\/uploads\/2014\/12\/voltar.png 468w, http:\/\/conviversabersocial.com.br\/wp-content\/uploads\/2014\/12\/voltar-300x38.png 300w\" sizes=\"(max-width: 468px) 100vw, 468px\" \/><\/a><\/p>\n<p>&nbsp;<\/p>\n","protected":false},"excerpt":{"rendered":"<p>Certamente, todos os mais de 100 participantes do workshop Novas Fronteiras da Escola, da Faber Castell, com a soci\u00f3loga Lourdes Ati\u00e9, realizado pela Conviver Saber Social com o apoio do IC&amp;A\/PCDI, ao sa\u00edrem do centro de conven\u00e7\u00f5es do Hotel Ramada em Lagoa Santa, olharam para as ruas e para a cidade ao seu redor de [&hellip;]<\/p>\n","protected":false},"author":1,"featured_media":1295,"comment_status":"open","ping_status":"open","sticky":false,"template":"","format":"standard","meta":[],"categories":[2],"tags":[275,31,452,448,450,304,72,449,451,99,453],"_links":{"self":[{"href":"http:\/\/conviversabersocial.com.br\/index.php\/wp-json\/wp\/v2\/posts\/1292"}],"collection":[{"href":"http:\/\/conviversabersocial.com.br\/index.php\/wp-json\/wp\/v2\/posts"}],"about":[{"href":"http:\/\/conviversabersocial.com.br\/index.php\/wp-json\/wp\/v2\/types\/post"}],"author":[{"embeddable":true,"href":"http:\/\/conviversabersocial.com.br\/index.php\/wp-json\/wp\/v2\/users\/1"}],"replies":[{"embeddable":true,"href":"http:\/\/conviversabersocial.com.br\/index.php\/wp-json\/wp\/v2\/comments?post=1292"}],"version-history":[{"count":6,"href":"http:\/\/conviversabersocial.com.br\/index.php\/wp-json\/wp\/v2\/posts\/1292\/revisions"}],"predecessor-version":[{"id":1318,"href":"http:\/\/conviversabersocial.com.br\/index.php\/wp-json\/wp\/v2\/posts\/1292\/revisions\/1318"}],"wp:featuredmedia":[{"embeddable":true,"href":"http:\/\/conviversabersocial.com.br\/index.php\/wp-json\/wp\/v2\/media\/1295"}],"wp:attachment":[{"href":"http:\/\/conviversabersocial.com.br\/index.php\/wp-json\/wp\/v2\/media?parent=1292"}],"wp:term":[{"taxonomy":"category","embeddable":true,"href":"http:\/\/conviversabersocial.com.br\/index.php\/wp-json\/wp\/v2\/categories?post=1292"},{"taxonomy":"post_tag","embeddable":true,"href":"http:\/\/conviversabersocial.com.br\/index.php\/wp-json\/wp\/v2\/tags?post=1292"}],"curies":[{"name":"wp","href":"https:\/\/api.w.org\/{rel}","templated":true}]}}