{"id":1270,"date":"2015-10-27T14:49:51","date_gmt":"2015-10-27T17:49:51","guid":{"rendered":"http:\/\/conviversabersocial.com.br\/?p=1270"},"modified":"2015-10-27T14:49:51","modified_gmt":"2015-10-27T17:49:51","slug":"wladimir","status":"publish","type":"post","link":"http:\/\/conviversabersocial.com.br\/index.php\/wladimir\/","title":{"rendered":"Wladimir"},"content":{"rendered":"<p><img loading=\"lazy\" class=\"aligncenter size-large wp-image-1271\" src=\"http:\/\/conviversabersocial.com.br\/wp-content\/uploads\/2015\/10\/IMG_2744-1024x683.jpg\" alt=\"IMG_2744\" width=\"1024\" height=\"683\" \/><\/p>\n<blockquote>\n<h4 id=\"4fdc\" class=\"graf--h4 graf-after--h3\">Eu acredito que o nosso futuro est\u00e1 nas m\u00e3os das crian\u00e7as e dos adolescentes<\/h4>\n<\/blockquote>\n<p>Meu nome \u00e9 <strong class=\"markup--strong markup--p-strong\">Wladimir<\/strong>, nasci em Belo Horizonte, em 20 de julho de 1973. Hoje, moro na cidade de <strong class=\"markup--strong markup--p-strong\">Confins<\/strong>. Eu sou artista t\u00e9cnico, trabalho com ilumina\u00e7\u00e3o, forma\u00e7\u00e3o e capacita\u00e7\u00e3o na \u00e1rea t\u00e9cnica.<\/p>\n<p id=\"ff14\" class=\"graf--p graf-after--figure\">Sou presidente e fundador do<a class=\"markup--anchor markup--p-anchor\" href=\"https:\/\/www.facebook.com\/nucleotecnicodeartescenicas\" rel=\"nofollow\" data-href=\"https:\/\/www.facebook.com\/nucleotecnicodeartescenicas\"><strong class=\"markup--strong markup--p-strong\">N\u00facleo T\u00e9cnico de Artes C\u00eanicas\u200a\u2014\u200aNUTAC<\/strong><\/a>. Em 1994, quando eu comecei na \u00e1rea t\u00e9cnica, em um encontro no<strong class=\"markup--strong markup--p-strong\">Teatro Mar\u00edlia<\/strong> surgiu a ideia de formar um grupo de profissionais da \u00e1rea t\u00e9cnica que pudesse dar suporte aos grupos de teatro da capital. Havia car\u00eancia de profissionais e, ap\u00f3s voltar de uma viagem em 1997, decidi criar o <strong class=\"markup--strong markup--p-strong\">NUTAC <\/strong>para a <strong class=\"markup--strong markup--p-strong\">forma\u00e7\u00e3o t\u00e9cnica na \u00e1rea das artes c\u00eanicas<\/strong> especialmente para jovens que vivem em situa\u00e7\u00e3o de vulnerabilidade social.<\/p>\n<p id=\"0b03\" class=\"graf--p graf-after--p\"><strong class=\"markup--strong markup--p-strong\">Eu contribuo para garantia dos direitos das crian\u00e7as e dos adolescentes<\/strong>oferecendo uma oportunidade de profissionaliza\u00e7\u00e3o e renda, e abrindo um novo mercado de trabalho para esses jovens.<\/p>\n<p id=\"5433\" class=\"graf--p graf-after--p\">Fico feliz ao perceber que o conhecimento que compartilho com meus alunos ir\u00e1 permitir que tenham uma renda, contribuam com suas fam\u00edlia, <strong class=\"markup--strong markup--p-strong\">invistam em si mesmos <\/strong>e tenham uma profiss\u00e3o. \u00c9 algo que vai fazer a diferen\u00e7a no futuro deles.<\/p>\n<p id=\"f3b2\" class=\"graf--p graf-after--p\"><strong class=\"markup--strong markup--p-strong\">Eu acredito que o nosso futuro est\u00e1 nas m\u00e3os das crian\u00e7as e dos adolescentes<\/strong>.<\/p>\n<h2 id=\"cac7\" class=\"graf--h4 graf-after--p\">Conhe\u00e7a mais sobre o <a class=\"markup--anchor markup--h4-anchor\" href=\"http:\/\/eu%20acredito%20que%20o%20nosso%20futuro%20est%C3%A1%20nas%20m%C3%A3os%20das%20crian%C3%A7as%20e%20dos%20adolescentes.\/\" rel=\"nofollow\" data-href=\"http:\/\/Eu%20acredito%20que%20o%20nosso%20futuro%20est\u00e1%20nas%20m\u00e3os%20das%20crian\u00e7as%20e%20dos%20adolescentes.\">NUTAC<\/a>!<\/h2>\n<p><img loading=\"lazy\" class=\"aligncenter wp-image-1272 size-large\" src=\"http:\/\/conviversabersocial.com.br\/wp-content\/uploads\/2015\/10\/IMG_2695-1024x683.jpg\" alt=\"IMG_2695\" width=\"1024\" height=\"683\" \/><\/p>\n","protected":false},"excerpt":{"rendered":"<p>Eu acredito que o nosso futuro est\u00e1 nas m\u00e3os das crian\u00e7as e dos adolescentes Meu nome \u00e9 Wladimir, nasci em Belo Horizonte, em 20 de julho de 1973. Hoje, moro na cidade de Confins. Eu sou artista t\u00e9cnico, trabalho com ilumina\u00e7\u00e3o, forma\u00e7\u00e3o e capacita\u00e7\u00e3o na \u00e1rea t\u00e9cnica. Sou presidente e fundador doN\u00facleo T\u00e9cnico de Artes [&hellip;]<\/p>\n","protected":false},"author":1,"featured_media":1272,"comment_status":"open","ping_status":"open","sticky":false,"template":"","format":"standard","meta":[],"categories":[2],"tags":[301,29,165,366,89,90,440],"_links":{"self":[{"href":"http:\/\/conviversabersocial.com.br\/index.php\/wp-json\/wp\/v2\/posts\/1270"}],"collection":[{"href":"http:\/\/conviversabersocial.com.br\/index.php\/wp-json\/wp\/v2\/posts"}],"about":[{"href":"http:\/\/conviversabersocial.com.br\/index.php\/wp-json\/wp\/v2\/types\/post"}],"author":[{"embeddable":true,"href":"http:\/\/conviversabersocial.com.br\/index.php\/wp-json\/wp\/v2\/users\/1"}],"replies":[{"embeddable":true,"href":"http:\/\/conviversabersocial.com.br\/index.php\/wp-json\/wp\/v2\/comments?post=1270"}],"version-history":[{"count":1,"href":"http:\/\/conviversabersocial.com.br\/index.php\/wp-json\/wp\/v2\/posts\/1270\/revisions"}],"predecessor-version":[{"id":1273,"href":"http:\/\/conviversabersocial.com.br\/index.php\/wp-json\/wp\/v2\/posts\/1270\/revisions\/1273"}],"wp:featuredmedia":[{"embeddable":true,"href":"http:\/\/conviversabersocial.com.br\/index.php\/wp-json\/wp\/v2\/media\/1272"}],"wp:attachment":[{"href":"http:\/\/conviversabersocial.com.br\/index.php\/wp-json\/wp\/v2\/media?parent=1270"}],"wp:term":[{"taxonomy":"category","embeddable":true,"href":"http:\/\/conviversabersocial.com.br\/index.php\/wp-json\/wp\/v2\/categories?post=1270"},{"taxonomy":"post_tag","embeddable":true,"href":"http:\/\/conviversabersocial.com.br\/index.php\/wp-json\/wp\/v2\/tags?post=1270"}],"curies":[{"name":"wp","href":"https:\/\/api.w.org\/{rel}","templated":true}]}}