{"id":1264,"date":"2015-10-26T08:35:05","date_gmt":"2015-10-26T11:35:05","guid":{"rendered":"http:\/\/conviversabersocial.com.br\/?p=1264"},"modified":"2015-10-26T08:35:05","modified_gmt":"2015-10-26T11:35:05","slug":"annabella","status":"publish","type":"post","link":"http:\/\/conviversabersocial.com.br\/index.php\/annabella\/","title":{"rendered":"Annabella"},"content":{"rendered":"<p><img loading=\"lazy\" class=\"aligncenter size-large wp-image-1265\" src=\"http:\/\/conviversabersocial.com.br\/wp-content\/uploads\/2015\/10\/IMG_2519-1024x683.jpg\" alt=\"IMG_2519\" width=\"1024\" height=\"683\" \/><\/p>\n<blockquote>\n<h4 id=\"7076\" class=\"graf--h4 graf-after--figure\">Adoro o meu trabalho e <strong class=\"markup--strong markup--h4-strong\">me emociono todos os dias com as hist\u00f3rias que escuto e com as que ajudo a construir<\/strong><\/h4>\n<\/blockquote>\n<p id=\"3ffc\" class=\"graf--p graf-after--h4\">Meu nome \u00e9 <strong class=\"markup--strong markup--p-strong\">Annabella<\/strong>, nasci em<strong class=\"markup--strong markup--p-strong\"> Curvelo<\/strong>, uma cidade do interior de Minas e moro em <strong class=\"markup--strong markup--p-strong\">Belo Horizonte<\/strong> desde os meus sete anos de idade. Sou casada e tenho dois filhos. Eu amo viajar com meu marido e meus filhos, conhecer lugares, costumes e pessoas diferentes, adoro estudar e procuro estar sempre conectada com tudo que acontece no mundo.<\/p>\n<p id=\"3e05\" class=\"graf--p graf-after--p\">Sou formada em <strong class=\"markup--strong markup--p-strong\">Economia<\/strong>, mas trabalho voltada para o social. Sempre acreditei que os conhecimentos adquiridos na economia me ajudariam a trabalhar na gest\u00e3o de variados tipos de organiza\u00e7\u00f5es humanas; entidades p\u00fablicas, empresas privadas e organiza\u00e7\u00f5es da sociedade civil. Foi assim que me especializei em <strong class=\"markup--strong markup--p-strong\">Sustentabilidade, Responsabilidade Social, Gest\u00e3o Social e Valores Humanos<\/strong>. Hoje tenho uma empresa de consultoria junto com minha s\u00f3cia e amiga <a class=\"markup--anchor markup--p-anchor\" href=\"https:\/\/medium.com\/m%C3%AAs-da-garantia-dos-direitos-das-crian%C3%A7as-dos\/marisa-3764a5f6b912\" data-href=\"https:\/\/medium.com\/m%C3%AAs-da-garantia-dos-direitos-das-crian%C3%A7as-dos\/marisa-3764a5f6b912\"><strong class=\"markup--strong markup--p-strong\">Marisa<\/strong><\/a>, a <strong class=\"markup--strong markup--p-strong\">Direta Sustent\u00e1vel<\/strong>, que me permite desenvolver projetos em todas as \u00e1reas que me especializei. Tamb\u00e9m sou<strong class=\"markup--strong markup--p-strong\">volunt\u00e1ria em organiza\u00e7\u00f5es sociais<\/strong>, sempre na \u00e1rea de gest\u00e3o e<strong class=\"markup--strong markup--p-strong\">Conselheira Fiscal no GEAA<\/strong>, em Lagoa Santa.<\/p>\n<p id=\"44c4\" class=\"graf--p graf-after--p\">O meu caso de amor com a <a class=\"markup--anchor markup--p-anchor\" href=\"http:\/\/conviversabersocial.com.br\/\" rel=\"nofollow\" data-href=\"http:\/\/conviversabersocial.com.br\/\"><strong class=\"markup--strong markup--p-strong\">Conviver Saber Social<\/strong><\/a> come\u00e7ou mesmo antes dela existir. Trabalhava na <strong class=\"markup--strong markup--p-strong\">FIEMG<\/strong>, no <strong class=\"markup--strong markup--p-strong\">Volunt\u00e1rios das Gerais<\/strong>, quando recebi dois empres\u00e1rios que tinham o sonho de mudar a realidade de crian\u00e7as e adolescentes na cidade de <strong class=\"markup--strong markup--p-strong\">Lagoa Santa<\/strong>.<\/p>\n<p class=\"graf--p graf-after--p\"><img loading=\"lazy\" class=\"alignleft size-medium wp-image-1267\" src=\"http:\/\/conviversabersocial.com.br\/wp-content\/uploads\/2015\/10\/IMG_2535-300x200.jpg\" alt=\"IMG_2535\" width=\"300\" height=\"200\" \/><\/p>\n<p id=\"3548\" class=\"graf--p graf-after--p\">Eu estudei no <strong class=\"markup--strong markup--p-strong\">Col\u00e9gio Marista Dom Silv\u00e9rio <\/strong>e, depois de formada, voltei para trabalhar nos projetos sociais desenvolvidos pelos <strong class=\"markup--strong markup--p-strong\">Irm\u00e3os Marista<\/strong>. Foi l\u00e1 que conheci a <a class=\"markup--anchor markup--p-anchor\" href=\"https:\/\/medium.com\/m%C3%AAs-da-garantia-dos-direitos-das-crian%C3%A7as-dos\/janice-a11ddd472a66\" data-href=\"https:\/\/medium.com\/m%C3%AAs-da-garantia-dos-direitos-das-crian%C3%A7as-dos\/janice-a11ddd472a66\"><strong class=\"markup--strong markup--p-strong\">Janice<\/strong><\/a>, hoje presidente da <strong class=\"markup--strong markup--p-strong\">Conviver<\/strong>, e sua luta pelos direitos das crian\u00e7as e dos adolescentes e nos tornamos mais que amigas, companheiras dessa luta.<\/p>\n<p id=\"a7db\" class=\"graf--p graf-after--figure\">Ap\u00f3s me encantar com o projeto apresentado pelos empres\u00e1rios eu s\u00f3 liguei dois pontos de um mesmo sonho, de uma mesma luta, eu apresentei a eles a Janice que j\u00e1 tinha casa de fins de semana em <strong class=\"markup--strong markup--p-strong\">Lagoa Santa<\/strong>.<\/p>\n<p id=\"10c3\" class=\"graf--p graf-after--p\">Sempre acompanhei a caminhada cont\u00ednua da <strong class=\"markup--strong markup--p-strong\">Conviver<\/strong>, \u00e0s vezes de perto, \u00e0s vezes de longe, j\u00e1 que \u201clonge \u00e9 um lugar que n\u00e3o existe\u201d. H\u00e1 dois anos, por essas conspira\u00e7\u00f5es felizes que o universo promove, desenvolvo o<strong class=\"markup--strong markup--p-strong\"> PCDI\u200a\u2014\u200aPrograma Compartilhado de Desenvolvimento Institucional<\/strong> junto com a Conviver e uma equipe muito especial em quatro cidades da <strong class=\"markup--strong markup--p-strong\">Linha Verde<\/strong>, <strong class=\"markup--strong markup--p-strong\">Vespasiano, S\u00e3o Jos\u00e9 da Lapa, Confins e Lagoa Santa<\/strong>, com o apoio do <a class=\"markup--anchor markup--p-anchor\" href=\"http:\/\/www.institutocea.org.br\/\" rel=\"nofollow\" data-href=\"http:\/\/www.institutocea.org.br\/\"><strong class=\"markup--strong markup--p-strong\">IC&amp;A<\/strong><\/a>. Desenvolvemos tamb\u00e9m o <strong class=\"markup--strong markup--p-strong\">PROFIC<\/strong> em Betim e o <strong class=\"markup--strong markup--p-strong\">PEA<\/strong> em Sete Lagoas, todos como o mesmo objetivo de garantir os direitos das crian\u00e7as e dos adolescentes.<\/p>\n<p id=\"6d8a\" class=\"graf--p graf-after--p\">Eu acredito que <strong class=\"markup--strong markup--p-strong\">contribuo com a garantia dos direitos das crian\u00e7as e dos adolescentes <\/strong>desenvolvendo e fortalecendo o Terceiro Setor e sua gest\u00e3o para que atue como uma verdadeira rede de prote\u00e7\u00e3o. Organiza\u00e7\u00f5es estruturadas, equipe t\u00e9cnica e dirigentes bem preparados, com certeza, desenvolver\u00e3o um trabalho bem mais qualificado e<strong class=\"markup--strong markup--p-strong\"> capaz de garantir os direitos das nossas crian\u00e7as e dos nossos adolescentes<\/strong>.<\/p>\n<p id=\"d1e7\" class=\"graf--p graf-after--p\">Adoro o meu trabalho e <strong class=\"markup--strong markup--p-strong\">me emociono todos os dias com as hist\u00f3rias que escuto e com as que ajudo a construir<\/strong>. Fazer parte deste <strong class=\"markup--strong markup--p-strong\">movimento de fortalecimento do Terceiro Setor<\/strong>, de constru\u00e7\u00e3o da cidadania e dos sonhos resgatados na vida das nossas crian\u00e7as e adolescentes, me faz pensar que a vida vale a pena e que o \u201cbem comum \u00e9 algo mais do que a soma de interesses individuais\u201d.<\/p>\n<h2 id=\"5a11\" class=\"graf--h4 graf-after--p\">Voc\u00ea tamb\u00e9m pode contribuir com a Conviver Saber Social e ajudar na garantia dos direitos das crian\u00e7as e dos adolescentes! Acesse nossa p\u00e1gina de <a class=\"markup--anchor markup--h4-anchor\" title=\"Como ajudar?\" href=\"http:\/\/conviversabersocial.com.br\/index.php\/como-ajudar\/\" rel=\"nofollow\" data-href=\"http:\/\/conviversabersocial.com.br\/index.php\/como-ajudar\/\">Como Ajudar<\/a>!<\/h2>\n<p><img loading=\"lazy\" class=\"aligncenter size-large wp-image-1266\" src=\"http:\/\/conviversabersocial.com.br\/wp-content\/uploads\/2015\/10\/IMG_2530-1024x683.jpg\" alt=\"IMG_2530\" width=\"1024\" height=\"683\" \/><\/p>\n","protected":false},"excerpt":{"rendered":"<p>Adoro o meu trabalho e me emociono todos os dias com as hist\u00f3rias que escuto e com as que ajudo a construir Meu nome \u00e9 Annabella, nasci em Curvelo, uma cidade do interior de Minas e moro em Belo Horizonte desde os meus sete anos de idade. Sou casada e tenho dois filhos. Eu amo [&hellip;]<\/p>\n","protected":false},"author":1,"featured_media":1265,"comment_status":"open","ping_status":"open","sticky":false,"template":"","format":"standard","meta":[],"categories":[2],"tags":[6,438,32,35,267,381,59,439,72,366,178],"_links":{"self":[{"href":"http:\/\/conviversabersocial.com.br\/index.php\/wp-json\/wp\/v2\/posts\/1264"}],"collection":[{"href":"http:\/\/conviversabersocial.com.br\/index.php\/wp-json\/wp\/v2\/posts"}],"about":[{"href":"http:\/\/conviversabersocial.com.br\/index.php\/wp-json\/wp\/v2\/types\/post"}],"author":[{"embeddable":true,"href":"http:\/\/conviversabersocial.com.br\/index.php\/wp-json\/wp\/v2\/users\/1"}],"replies":[{"embeddable":true,"href":"http:\/\/conviversabersocial.com.br\/index.php\/wp-json\/wp\/v2\/comments?post=1264"}],"version-history":[{"count":1,"href":"http:\/\/conviversabersocial.com.br\/index.php\/wp-json\/wp\/v2\/posts\/1264\/revisions"}],"predecessor-version":[{"id":1268,"href":"http:\/\/conviversabersocial.com.br\/index.php\/wp-json\/wp\/v2\/posts\/1264\/revisions\/1268"}],"wp:featuredmedia":[{"embeddable":true,"href":"http:\/\/conviversabersocial.com.br\/index.php\/wp-json\/wp\/v2\/media\/1265"}],"wp:attachment":[{"href":"http:\/\/conviversabersocial.com.br\/index.php\/wp-json\/wp\/v2\/media?parent=1264"}],"wp:term":[{"taxonomy":"category","embeddable":true,"href":"http:\/\/conviversabersocial.com.br\/index.php\/wp-json\/wp\/v2\/categories?post=1264"},{"taxonomy":"post_tag","embeddable":true,"href":"http:\/\/conviversabersocial.com.br\/index.php\/wp-json\/wp\/v2\/tags?post=1264"}],"curies":[{"name":"wp","href":"https:\/\/api.w.org\/{rel}","templated":true}]}}