{"id":1204,"date":"2015-10-18T19:04:03","date_gmt":"2015-10-18T22:04:03","guid":{"rendered":"http:\/\/conviversabersocial.com.br\/?p=1204"},"modified":"2015-10-18T19:04:03","modified_gmt":"2015-10-18T22:04:03","slug":"ricardo","status":"publish","type":"post","link":"http:\/\/conviversabersocial.com.br\/index.php\/ricardo\/","title":{"rendered":"Ricardo"},"content":{"rendered":"<p><img loading=\"lazy\" class=\"aligncenter size-full wp-image-1205\" src=\"http:\/\/conviversabersocial.com.br\/wp-content\/uploads\/2015\/10\/IMG-20140317-WA0008.jpg\" alt=\"IMG-20140317-WA0008\" width=\"600\" height=\"742\" srcset=\"http:\/\/conviversabersocial.com.br\/wp-content\/uploads\/2015\/10\/IMG-20140317-WA0008.jpg 600w, http:\/\/conviversabersocial.com.br\/wp-content\/uploads\/2015\/10\/IMG-20140317-WA0008-243x300.jpg 243w\" sizes=\"(max-width: 600px) 100vw, 600px\" \/><\/p>\n<blockquote>\n<p class=\"graf--h4\">Para que tenhamos uma <strong class=\"markup--strong markup--h4-strong\">sociedade justa e igualit\u00e1ria<\/strong> devemos nos preocupar com o <strong class=\"markup--strong markup--h4-strong\">direito de todos<\/strong>, especialmente de nossas <strong class=\"markup--strong markup--h4-strong\">crian\u00e7as e adolescentes<\/strong><\/p>\n<\/blockquote>\n<p class=\"graf--p\">Meu nome \u00e9 <strong class=\"markup--strong markup--p-strong\">Ricardo<\/strong>, nasci em Belo Horizonte, em 24 de julho de 1974. Atualmente, moro em <strong class=\"markup--strong markup--p-strong\">Lagoa Santa<\/strong> e sou diretor administrativo financeiro da <a href=\"http:\/\/delp.com.br\/\" target=\"_blank\"><strong class=\"markup--strong markup--p-strong\">Delp Engenharia<\/strong><\/a>.<\/p>\n<p class=\"graf--p\">Na Delp, apoiamos as<strong class=\"markup--strong markup--p-strong\"> organiza\u00e7\u00f5es sociais<\/strong> que nos circunvizinham, com o objetivo de desenvolver a sociedade aonde estamos inseridos. Acreditamos que <strong class=\"markup--strong markup--p-strong\">a empresa possui um importante papel social<\/strong>, trazendo renda, trabalho e oportunidades para a comunidade.<\/p>\n<p class=\"graf--p\">Anualmente definimos alguns <strong class=\"markup--strong markup--p-strong\">projetos sociais<\/strong> para apoiar e ent\u00e3o fazemos o acompanhamento desses projetos, buscando inclusive intera\u00e7\u00e3o com a empresa e a apresenta\u00e7\u00e3o para nossos colaboradores. Projetos Sociais que tenham foco em<strong class=\"markup--strong markup--p-strong\"> crian\u00e7as e adolescentes<\/strong> nos chamam especial aten\u00e7\u00e3o, pois plantam sementes para um futuro melhor. Acreditamos que todos devemos colaborar para educar e proteger nossas crian\u00e7as e adolescentes, eliminando condi\u00e7\u00f5es de riscos e propiciando as melhores condi\u00e7\u00f5es para o seu <strong class=\"markup--strong markup--p-strong\">desenvolvimento e amadurecimento<\/strong>.<\/p>\n<p class=\"graf--p\">Para que tenhamos uma <strong class=\"markup--strong markup--p-strong\">sociedade justa e igualit\u00e1ria<\/strong> devemos nos preocupar com o <strong class=\"markup--strong markup--p-strong\">direito de todos<\/strong>, especialmente de nossas <strong class=\"markup--strong markup--p-strong\">crian\u00e7as e adolescentes<\/strong>, para que possam ter oportunidades de crescimento e desenvolvimento de suas habilidades. Inclu\u00ed-las numa perspectiva de <strong class=\"markup--strong markup--p-strong\">promo\u00e7\u00e3o do ser humano<\/strong> \u00e9 nosso dever, nossa obriga\u00e7\u00e3o.<\/p>\n<p class=\"graf--p\"><img loading=\"lazy\" class=\"aligncenter size-large wp-image-1206\" src=\"http:\/\/conviversabersocial.com.br\/wp-content\/uploads\/2015\/10\/faces-767358_1920-1024x681.jpg\" alt=\"faces-767358_1920\" width=\"1024\" height=\"681\" srcset=\"http:\/\/conviversabersocial.com.br\/wp-content\/uploads\/2015\/10\/faces-767358_1920-1024x681.jpg 1024w, http:\/\/conviversabersocial.com.br\/wp-content\/uploads\/2015\/10\/faces-767358_1920-300x199.jpg 300w, http:\/\/conviversabersocial.com.br\/wp-content\/uploads\/2015\/10\/faces-767358_1920.jpg 1920w\" sizes=\"(max-width: 1024px) 100vw, 1024px\" \/><\/p>\n","protected":false},"excerpt":{"rendered":"<p>Para que tenhamos uma sociedade justa e igualit\u00e1ria devemos nos preocupar com o direito de todos, especialmente de nossas crian\u00e7as e adolescentes Meu nome \u00e9 Ricardo, nasci em Belo Horizonte, em 24 de julho de 1974. Atualmente, moro em Lagoa Santa e sou diretor administrativo financeiro da Delp Engenharia. Na Delp, apoiamos as organiza\u00e7\u00f5es sociais [&hellip;]<\/p>\n","protected":false},"author":1,"featured_media":1205,"comment_status":"open","ping_status":"open","sticky":false,"template":"","format":"standard","meta":[],"categories":[2],"tags":[140,418,72,363,339,419],"_links":{"self":[{"href":"http:\/\/conviversabersocial.com.br\/index.php\/wp-json\/wp\/v2\/posts\/1204"}],"collection":[{"href":"http:\/\/conviversabersocial.com.br\/index.php\/wp-json\/wp\/v2\/posts"}],"about":[{"href":"http:\/\/conviversabersocial.com.br\/index.php\/wp-json\/wp\/v2\/types\/post"}],"author":[{"embeddable":true,"href":"http:\/\/conviversabersocial.com.br\/index.php\/wp-json\/wp\/v2\/users\/1"}],"replies":[{"embeddable":true,"href":"http:\/\/conviversabersocial.com.br\/index.php\/wp-json\/wp\/v2\/comments?post=1204"}],"version-history":[{"count":1,"href":"http:\/\/conviversabersocial.com.br\/index.php\/wp-json\/wp\/v2\/posts\/1204\/revisions"}],"predecessor-version":[{"id":1207,"href":"http:\/\/conviversabersocial.com.br\/index.php\/wp-json\/wp\/v2\/posts\/1204\/revisions\/1207"}],"wp:featuredmedia":[{"embeddable":true,"href":"http:\/\/conviversabersocial.com.br\/index.php\/wp-json\/wp\/v2\/media\/1205"}],"wp:attachment":[{"href":"http:\/\/conviversabersocial.com.br\/index.php\/wp-json\/wp\/v2\/media?parent=1204"}],"wp:term":[{"taxonomy":"category","embeddable":true,"href":"http:\/\/conviversabersocial.com.br\/index.php\/wp-json\/wp\/v2\/categories?post=1204"},{"taxonomy":"post_tag","embeddable":true,"href":"http:\/\/conviversabersocial.com.br\/index.php\/wp-json\/wp\/v2\/tags?post=1204"}],"curies":[{"name":"wp","href":"https:\/\/api.w.org\/{rel}","templated":true}]}}