{"id":120,"date":"2014-12-03T21:42:29","date_gmt":"2014-12-03T21:42:29","guid":{"rendered":"http:\/\/conviversabersocial.com.br\/?p=120"},"modified":"2015-07-16T20:06:16","modified_gmt":"2015-07-16T20:06:16","slug":"mostra-de-artes-de-confins","status":"publish","type":"post","link":"http:\/\/conviversabersocial.com.br\/index.php\/mostra-de-artes-de-confins\/","title":{"rendered":"Mostra de Artes de Confins"},"content":{"rendered":"<p>Entre os dias 14 e 19 de novembro, aconteceu em Confins, a II Mostra de Artes, realizada pelo F\u00f3rum de Pol\u00edtica Cultural de Confins, com o tema &#8220;A cidade e a fam\u00edlia&#8221;.<!--more--><\/p>\n<p>A primeira edi\u00e7\u00e3o aconteceu em 2013, quando foi produzido o cat\u00e1logo de artes abaixo:<\/p>\n<div id='gallery-1' class='gallery galleryid-120 gallery-columns-1 gallery-size-large'><figure class='gallery-item'>\n\t\t\t<div class='gallery-icon landscape'>\n\t\t\t\t<img width=\"960\" height=\"699\" src=\"http:\/\/conviversabersocial.com.br\/wp-content\/uploads\/2014\/12\/capa.jpg\" class=\"attachment-large size-large\" alt=\"\" loading=\"lazy\" srcset=\"http:\/\/conviversabersocial.com.br\/wp-content\/uploads\/2014\/12\/capa.jpg 960w, http:\/\/conviversabersocial.com.br\/wp-content\/uploads\/2014\/12\/capa-300x218.jpg 300w\" sizes=\"(max-width: 960px) 100vw, 960px\" \/>\n\t\t\t<\/div><\/figure><figure class='gallery-item'>\n\t\t\t<div class='gallery-icon landscape'>\n\t\t\t\t<img width=\"960\" height=\"679\" src=\"http:\/\/conviversabersocial.com.br\/wp-content\/uploads\/2014\/12\/Confins-2013.jpg\" class=\"attachment-large size-large\" alt=\"\" loading=\"lazy\" srcset=\"http:\/\/conviversabersocial.com.br\/wp-content\/uploads\/2014\/12\/Confins-2013.jpg 960w, http:\/\/conviversabersocial.com.br\/wp-content\/uploads\/2014\/12\/Confins-2013-300x212.jpg 300w\" sizes=\"(max-width: 960px) 100vw, 960px\" \/>\n\t\t\t<\/div><\/figure><figure class='gallery-item'>\n\t\t\t<div class='gallery-icon landscape'>\n\t\t\t\t<img width=\"960\" height=\"679\" src=\"http:\/\/conviversabersocial.com.br\/wp-content\/uploads\/2014\/12\/Confins-201321.jpg\" class=\"attachment-large size-large\" alt=\"\" loading=\"lazy\" srcset=\"http:\/\/conviversabersocial.com.br\/wp-content\/uploads\/2014\/12\/Confins-201321.jpg 960w, http:\/\/conviversabersocial.com.br\/wp-content\/uploads\/2014\/12\/Confins-201321-300x212.jpg 300w\" sizes=\"(max-width: 960px) 100vw, 960px\" \/>\n\t\t\t<\/div><\/figure><figure class='gallery-item'>\n\t\t\t<div class='gallery-icon landscape'>\n\t\t\t\t<img width=\"960\" height=\"679\" src=\"http:\/\/conviversabersocial.com.br\/wp-content\/uploads\/2014\/12\/Confins-201331.jpg\" class=\"attachment-large size-large\" alt=\"\" loading=\"lazy\" srcset=\"http:\/\/conviversabersocial.com.br\/wp-content\/uploads\/2014\/12\/Confins-201331.jpg 960w, http:\/\/conviversabersocial.com.br\/wp-content\/uploads\/2014\/12\/Confins-201331-300x212.jpg 300w\" sizes=\"(max-width: 960px) 100vw, 960px\" \/>\n\t\t\t<\/div><\/figure><figure class='gallery-item'>\n\t\t\t<div class='gallery-icon landscape'>\n\t\t\t\t<img width=\"960\" height=\"679\" src=\"http:\/\/conviversabersocial.com.br\/wp-content\/uploads\/2014\/12\/Confins-201341.jpg\" class=\"attachment-large size-large\" alt=\"\" loading=\"lazy\" srcset=\"http:\/\/conviversabersocial.com.br\/wp-content\/uploads\/2014\/12\/Confins-201341.jpg 960w, http:\/\/conviversabersocial.com.br\/wp-content\/uploads\/2014\/12\/Confins-201341-300x212.jpg 300w\" sizes=\"(max-width: 960px) 100vw, 960px\" \/>\n\t\t\t<\/div><\/figure><figure class='gallery-item'>\n\t\t\t<div class='gallery-icon landscape'>\n\t\t\t\t<img width=\"960\" height=\"679\" src=\"http:\/\/conviversabersocial.com.br\/wp-content\/uploads\/2014\/12\/Confins-201351.jpg\" class=\"attachment-large size-large\" alt=\"\" loading=\"lazy\" srcset=\"http:\/\/conviversabersocial.com.br\/wp-content\/uploads\/2014\/12\/Confins-201351.jpg 960w, http:\/\/conviversabersocial.com.br\/wp-content\/uploads\/2014\/12\/Confins-201351-300x212.jpg 300w\" sizes=\"(max-width: 960px) 100vw, 960px\" \/>\n\t\t\t<\/div><\/figure><figure class='gallery-item'>\n\t\t\t<div class='gallery-icon landscape'>\n\t\t\t\t<img width=\"960\" height=\"679\" src=\"http:\/\/conviversabersocial.com.br\/wp-content\/uploads\/2014\/12\/Confins-20137.jpg\" class=\"attachment-large size-large\" alt=\"\" loading=\"lazy\" srcset=\"http:\/\/conviversabersocial.com.br\/wp-content\/uploads\/2014\/12\/Confins-20137.jpg 960w, http:\/\/conviversabersocial.com.br\/wp-content\/uploads\/2014\/12\/Confins-20137-300x212.jpg 300w\" sizes=\"(max-width: 960px) 100vw, 960px\" \/>\n\t\t\t<\/div><\/figure><figure class='gallery-item'>\n\t\t\t<div class='gallery-icon landscape'>\n\t\t\t\t<img width=\"960\" height=\"679\" src=\"http:\/\/conviversabersocial.com.br\/wp-content\/uploads\/2014\/12\/Confins-20138.jpg\" class=\"attachment-large size-large\" alt=\"\" loading=\"lazy\" srcset=\"http:\/\/conviversabersocial.com.br\/wp-content\/uploads\/2014\/12\/Confins-20138.jpg 960w, http:\/\/conviversabersocial.com.br\/wp-content\/uploads\/2014\/12\/Confins-20138-300x212.jpg 300w\" sizes=\"(max-width: 960px) 100vw, 960px\" \/>\n\t\t\t<\/div><\/figure><figure class='gallery-item'>\n\t\t\t<div class='gallery-icon landscape'>\n\t\t\t\t<img width=\"960\" height=\"679\" src=\"http:\/\/conviversabersocial.com.br\/wp-content\/uploads\/2014\/12\/Confins-201361.jpg\" class=\"attachment-large size-large\" alt=\"\" loading=\"lazy\" srcset=\"http:\/\/conviversabersocial.com.br\/wp-content\/uploads\/2014\/12\/Confins-201361.jpg 960w, http:\/\/conviversabersocial.com.br\/wp-content\/uploads\/2014\/12\/Confins-201361-300x212.jpg 300w\" sizes=\"(max-width: 960px) 100vw, 960px\" \/>\n\t\t\t<\/div><\/figure><figure class='gallery-item'>\n\t\t\t<div class='gallery-icon landscape'>\n\t\t\t\t<img width=\"960\" height=\"700\" src=\"http:\/\/conviversabersocial.com.br\/wp-content\/uploads\/2014\/12\/contracapa.jpg\" class=\"attachment-large size-large\" alt=\"\" loading=\"lazy\" srcset=\"http:\/\/conviversabersocial.com.br\/wp-content\/uploads\/2014\/12\/contracapa.jpg 960w, http:\/\/conviversabersocial.com.br\/wp-content\/uploads\/2014\/12\/contracapa-300x219.jpg 300w\" sizes=\"(max-width: 960px) 100vw, 960px\" \/>\n\t\t\t<\/div><\/figure>\n\t\t<\/div>\n\n<p>A inten\u00e7\u00e3o de realizar a Mostra \u00e9 valorizar os artistas locais, aproximar a popula\u00e7\u00e3o do trabalho art\u00edstico e cultural que acontece em Confins. Durante seis dias, quem visitou o Craslem, no centro da cidade, encontrou apresenta\u00e7\u00f5es teatrais, rodas de capoeira, dan\u00e7a, circo, m\u00fasica, artesanato, boi da manta e romaria.<\/p>\n<p>Os artistas locais reunidos na organiza\u00e7\u00e3o da Mostra buscam evidenciar a riqueza do trabalho ali desenvolvido e sensibilizar o poder p\u00fablico para a implanta\u00e7\u00e3o de um espa\u00e7o cultural para atender as demandas da cena cultural de Confins. &#8220;Com a primeira mostra sensibilizamos a cria\u00e7\u00e3o Conselho Municipal de Politica Cultural que j\u00e1 esta trabalhando na cria\u00e7\u00e3o do Sistema Municipal de Cultura para a ades\u00e3o ao Plano Nacional de Cultura.&#8221;, registra o <a href=\"http:\/\/ciaproduzacaocenica.blogspot.com.br\/2014\/11\/ii-mostra-de-arte-de-confins-cidade-e.html\" target=\"_blank\">website da Cia Produz A\u00e7\u00e3o C\u00eanica<\/a>.<\/p>\n<p>O projeto \u00e9 uma iniciativa do F\u00f3rum de Pol\u00edtica Cultural de Confins e conta com a produ\u00e7\u00e3o e participa\u00e7\u00e3o dos artistas locais, dentre eles Cia. Produz A\u00e7\u00e3o C\u00eanica, coordenada por Carluty Ferreira, o N\u00facleo T\u00e9cnico de Artes C\u00eanicas, coordenado por Wladimir Medeiros, a Cia. G\u00eameas, com as Atrizes Thais Oliveira e Lais Oliveira, o Ateli\u00ea Maria Janu\u00e1ria, coordenado pela artista pl\u00e1stica Maria Janu\u00e1ria, a Atriz Irati Gontijo, o arquiteto Maurilio Moreira, Gabriela Medeiros e Rosali Perdig\u00e3o que est\u00e3o na produ\u00e7\u00e3o da Mostra. Carluty Ferreira e Wladimir Medeiros s\u00e3o gestores de organiza\u00e7\u00f5es sociais participantes do PCDI.<\/p>\n<p>O F\u00f3rum de Pol\u00edtica Cultural de Confins n\u00e3o tem patroc\u00ednio e conta com o apoio do com\u00e9rcio local e cess\u00e3o do espa\u00e7o pela Secretaria de Cultura, atrav\u00e9s da Prefeitura de Confins.<\/p>\n<p><b>Ficha T\u00e9cnica:<\/b><\/p>\n<p>Coordena\u00e7\u00e3o Geral, Dire\u00e7\u00e3o de Produ\u00e7\u00e3o e Art\u00edstica \u2013 Carluty Ferreira<br \/>\nProdu\u00e7\u00e3o: Lais Oliveira e Thais Oliveria<br \/>\nDire\u00e7\u00e3o art\u00edstica e t\u00e9cnica: Wladimir Medeiros<br \/>\nCuradoria: Maria Janu\u00e1ria, Carluty Ferreia e Rosali Perdig\u00e3o<br \/>\nAssistente de Produ\u00e7\u00e3o: Irati Gontijo e Gabriela Medeiros<br \/>\nEquipe de Apoio: Katiussia Duarte, Rog\u00e9rio Alves, Didi Moreira, Gabriela Medeiros Claudio Freitas, Daniela Burato<br \/>\nDivulga\u00e7\u00e3o local: Adriano Marques, Camila Fran\u00e7a<br \/>\nDesing: Dani Merc\u00eas, Denise Damaris<br \/>\nAssessoria de Imprensa: Astronauta Comunica\u00e7\u00e3o \u2013<br \/>\nAdilson Marcelino e Lucas \u00c1vila<\/p>\n<p style=\"text-align: center;\"><a href=\"http:\/\/us9.campaign-archive2.com\/?u=6ff83ab7c7e2365a298c9269b&amp;id=4513565715\"><img loading=\"lazy\" class=\"aligncenter size-full wp-image-157\" src=\"http:\/\/conviversabersocial.com.br\/wp-content\/uploads\/2014\/12\/voltar.png\" alt=\"voltar\" width=\"468\" height=\"60\" srcset=\"http:\/\/conviversabersocial.com.br\/wp-content\/uploads\/2014\/12\/voltar.png 468w, http:\/\/conviversabersocial.com.br\/wp-content\/uploads\/2014\/12\/voltar-300x38.png 300w\" sizes=\"(max-width: 468px) 100vw, 468px\" \/><\/a><\/p>\n<p style=\"text-align: center;\"><a href=\"http:\/\/eepurl.com\/8GQ31\" target=\"_blank\"><img loading=\"lazy\" class=\"aligncenter  wp-image-155\" src=\"http:\/\/conviversabersocial.com.br\/wp-content\/uploads\/2014\/11\/HEY.png\" alt=\"Inscreva-se no PCDI NEWS\" width=\"451\" height=\"378\" srcset=\"http:\/\/conviversabersocial.com.br\/wp-content\/uploads\/2014\/11\/HEY.png 940w, http:\/\/conviversabersocial.com.br\/wp-content\/uploads\/2014\/11\/HEY-300x251.png 300w\" sizes=\"(max-width: 451px) 100vw, 451px\" \/><\/a><\/p>\n","protected":false},"excerpt":{"rendered":"<p>Entre os dias 14 e 19 de novembro, aconteceu em Confins, a II Mostra de Artes, realizada pelo F\u00f3rum de Pol\u00edtica Cultural de Confins, com o tema &#8220;A cidade e a fam\u00edlia&#8221;.<\/p>\n","protected":false},"author":1,"featured_media":136,"comment_status":"open","ping_status":"open","sticky":false,"template":"","format":"standard","meta":[],"categories":[2],"tags":[10,17,18,25,29,36,40,80,84,89,99,108,112],"_links":{"self":[{"href":"http:\/\/conviversabersocial.com.br\/index.php\/wp-json\/wp\/v2\/posts\/120"}],"collection":[{"href":"http:\/\/conviversabersocial.com.br\/index.php\/wp-json\/wp\/v2\/posts"}],"about":[{"href":"http:\/\/conviversabersocial.com.br\/index.php\/wp-json\/wp\/v2\/types\/post"}],"author":[{"embeddable":true,"href":"http:\/\/conviversabersocial.com.br\/index.php\/wp-json\/wp\/v2\/users\/1"}],"replies":[{"embeddable":true,"href":"http:\/\/conviversabersocial.com.br\/index.php\/wp-json\/wp\/v2\/comments?post=120"}],"version-history":[{"count":1,"href":"http:\/\/conviversabersocial.com.br\/index.php\/wp-json\/wp\/v2\/posts\/120\/revisions"}],"predecessor-version":[{"id":950,"href":"http:\/\/conviversabersocial.com.br\/index.php\/wp-json\/wp\/v2\/posts\/120\/revisions\/950"}],"wp:featuredmedia":[{"embeddable":true,"href":"http:\/\/conviversabersocial.com.br\/index.php\/wp-json\/wp\/v2\/media\/136"}],"wp:attachment":[{"href":"http:\/\/conviversabersocial.com.br\/index.php\/wp-json\/wp\/v2\/media?parent=120"}],"wp:term":[{"taxonomy":"category","embeddable":true,"href":"http:\/\/conviversabersocial.com.br\/index.php\/wp-json\/wp\/v2\/categories?post=120"},{"taxonomy":"post_tag","embeddable":true,"href":"http:\/\/conviversabersocial.com.br\/index.php\/wp-json\/wp\/v2\/tags?post=120"}],"curies":[{"name":"wp","href":"https:\/\/api.w.org\/{rel}","templated":true}]}}