{"id":1194,"date":"2015-10-10T23:19:09","date_gmt":"2015-10-11T02:19:09","guid":{"rendered":"http:\/\/conviversabersocial.com.br\/?p=1194"},"modified":"2015-10-10T23:19:09","modified_gmt":"2015-10-11T02:19:09","slug":"claudio","status":"publish","type":"post","link":"http:\/\/conviversabersocial.com.br\/index.php\/claudio\/","title":{"rendered":"Claudio"},"content":{"rendered":"<p><img loading=\"lazy\" class=\"aligncenter size-full wp-image-1195\" src=\"http:\/\/conviversabersocial.com.br\/wp-content\/uploads\/2015\/10\/IMG_1390-e1443835847886.jpg\" alt=\"IMG_1390\" width=\"1024\" height=\"683\" \/><\/p>\n<blockquote>\n<p id=\"9dfe\" class=\"graf--h4\">Vamos acreditar nessa meninada toda. A gente tem que planejar muito um futuro bacan\u00e9rrimo para eles, e s\u00f3 a gente que vai poder mudar essa hist\u00f3ria<\/p>\n<\/blockquote>\n<p>Meu nome \u00e9 <strong>Cl\u00e1udio<\/strong> e nasci em <strong>Belo Horizonte<\/strong>, em setembro de 1972. Atualmente, moro em <strong>Confins<\/strong>. Eu sou assistente social e educador social e presidente da<strong> <a href=\"http:\/\/ciaproduzacaocenica.blogspot.com.br\/\">Cia Produz A\u00e7\u00e3o C\u00eanica<\/a><\/strong>.<\/p>\n<p><strong>Eu gosto de estudar <\/strong>sobre minha \u00e1rea de forma\u00e7\u00e3o, que \u00e9 de atendimento a fam\u00edlia e tamb\u00e9m <strong>adoro ler<\/strong>, inclusive, para me ajudar a conversar melhor com as pessoas.<\/p>\n<p>Um dia normal na minha vida \u00e9 acordar muito cedo, brincar com os meus cachorros, cuidar das pessoas pr\u00f3ximas, molhar as plantas, observar o nascimento de uma flor. Se n\u00e3o d\u00e1 para encontrar com os amigos pela correria do nosso dia-a-dia, \u00e9 um telefone, um What\u2019s App, que salva a gente. <strong>Amizade e fam\u00edlia s\u00e3o extremamente importantes para mim<\/strong>.<\/p>\n<p>Conheci a <strong>Cia Produz A\u00e7\u00e3o C\u00eanica<\/strong> atrav\u00e9s do <strong><a href=\"https:\/\/medium.com\/m%C3%AAs-da-garantia-dos-direitos-das-crian%C3%A7as-dos\/carluty-d18bd6c6ec1e\">Carluty<\/a><\/strong>, n\u00f3s somos parceiros. Conhe\u00e7o praticamente todos os trabalhos da companhia e todos os espet\u00e1culos. Desde o primeiro espet\u00e1culo que \u00e9 \u201c<strong>Ora\u00e7\u00e3o para um P\u00e9 de Chinelo<\/strong>\u201d, at\u00e9 o \u201c<strong>Di\u00e1rio de um Louco<\/strong>\u201d, passando pelo infantil \u201c<strong>Crian\u00e7as Invis\u00edveis<\/strong>\u201d, que tem muito a ver com nosso trabalho social. \u00c9 uma pe\u00e7a que trabalha a inclus\u00e3o social e tem como personagem principal uma crian\u00e7a surda e o restante dos personagens tem que aprender a conversar com essa crian\u00e7a, sem necessariamente saber l\u00edngua de sinais.<\/p>\n<p>Hoje meu trabalho contribui com os direitos descritos no<strong> Estatuto da Crian\u00e7a e do Adolescente<\/strong>, como educa\u00e7\u00e3o, forma\u00e7\u00e3o profissional, rela\u00e7\u00e3o familiar e de fortalecimento de v\u00ednculo comunit\u00e1rio. Minha rela\u00e7\u00e3o com o social \u00e9 sempre para g<strong>arantir dignidade e autonomia <\/strong>para esse sujeito t\u00e3o pequeno civilmente, j\u00e1 que talvez ele n\u00e3o responda a tantas obriga\u00e7\u00f5es, mas j\u00e1 com direitos.<\/p>\n<h3 id=\"a7d0\" class=\"graf--h3\">Conhe\u00e7a a <a class=\"markup--anchor markup--h3-anchor\" href=\"http:\/\/ciaproduzacaocenica.blogspot.com.br\/p\/cia.html\" rel=\"nofollow\" data-href=\"http:\/\/ciaproduzacaocenica.blogspot.com.br\/p\/cia.html\">Cia Produz A\u00e7\u00e3o C\u00eanica<\/a> e saiba como contribuir com o belo trabalho que desenvolvem em Confins e regi\u00e3o!<\/h3>\n<p><img loading=\"lazy\" class=\"aligncenter size-full wp-image-1196\" src=\"http:\/\/conviversabersocial.com.br\/wp-content\/uploads\/2015\/10\/IMG_1391-1-e1443835947466.jpg\" alt=\"IMG_1391-1\" width=\"1024\" height=\"683\" \/><\/p>\n","protected":false},"excerpt":{"rendered":"<p>Vamos acreditar nessa meninada toda. A gente tem que planejar muito um futuro bacan\u00e9rrimo para eles, e s\u00f3 a gente que vai poder mudar essa hist\u00f3ria Meu nome \u00e9 Cl\u00e1udio e nasci em Belo Horizonte, em setembro de 1972. Atualmente, moro em Confins. Eu sou assistente social e educador social e presidente da Cia Produz [&hellip;]<\/p>\n","protected":false},"author":1,"featured_media":1195,"comment_status":"open","ping_status":"open","sticky":false,"template":"","format":"standard","meta":[],"categories":[2],"tags":[6,414,416,25,413,29,35,415,410,288,366],"_links":{"self":[{"href":"http:\/\/conviversabersocial.com.br\/index.php\/wp-json\/wp\/v2\/posts\/1194"}],"collection":[{"href":"http:\/\/conviversabersocial.com.br\/index.php\/wp-json\/wp\/v2\/posts"}],"about":[{"href":"http:\/\/conviversabersocial.com.br\/index.php\/wp-json\/wp\/v2\/types\/post"}],"author":[{"embeddable":true,"href":"http:\/\/conviversabersocial.com.br\/index.php\/wp-json\/wp\/v2\/users\/1"}],"replies":[{"embeddable":true,"href":"http:\/\/conviversabersocial.com.br\/index.php\/wp-json\/wp\/v2\/comments?post=1194"}],"version-history":[{"count":1,"href":"http:\/\/conviversabersocial.com.br\/index.php\/wp-json\/wp\/v2\/posts\/1194\/revisions"}],"predecessor-version":[{"id":1197,"href":"http:\/\/conviversabersocial.com.br\/index.php\/wp-json\/wp\/v2\/posts\/1194\/revisions\/1197"}],"wp:featuredmedia":[{"embeddable":true,"href":"http:\/\/conviversabersocial.com.br\/index.php\/wp-json\/wp\/v2\/media\/1195"}],"wp:attachment":[{"href":"http:\/\/conviversabersocial.com.br\/index.php\/wp-json\/wp\/v2\/media?parent=1194"}],"wp:term":[{"taxonomy":"category","embeddable":true,"href":"http:\/\/conviversabersocial.com.br\/index.php\/wp-json\/wp\/v2\/categories?post=1194"},{"taxonomy":"post_tag","embeddable":true,"href":"http:\/\/conviversabersocial.com.br\/index.php\/wp-json\/wp\/v2\/tags?post=1194"}],"curies":[{"name":"wp","href":"https:\/\/api.w.org\/{rel}","templated":true}]}}