{"id":1145,"date":"2015-10-15T23:36:33","date_gmt":"2015-10-16T02:36:33","guid":{"rendered":"http:\/\/conviversabersocial.com.br\/?p=1145"},"modified":"2015-10-15T23:36:33","modified_gmt":"2015-10-16T02:36:33","slug":"dalvinha","status":"publish","type":"post","link":"http:\/\/conviversabersocial.com.br\/index.php\/dalvinha\/","title":{"rendered":"Dalvinha"},"content":{"rendered":"<blockquote><p>Permito que a quest\u00e3o da crian\u00e7a tangencie com todos os meus pap\u00e9is sociais<\/p><\/blockquote>\n<p><img loading=\"lazy\" class=\" size-full wp-image-1184 alignright\" src=\"http:\/\/conviversabersocial.com.br\/wp-content\/uploads\/2015\/09\/foto.jpg\" alt=\"foto\" width=\"480\" height=\"640\" srcset=\"http:\/\/conviversabersocial.com.br\/wp-content\/uploads\/2015\/09\/foto.jpg 480w, http:\/\/conviversabersocial.com.br\/wp-content\/uploads\/2015\/09\/foto-225x300.jpg 225w\" sizes=\"(max-width: 480px) 100vw, 480px\" \/>Meu nome \u00e9 <strong>Lindalva<\/strong>, mas chamam-me<strong> Dalvinha<\/strong>. Tenho 57 anos, sou nascida e vivo em <strong>Recife<\/strong>, capital de Pernambuco.<\/p>\n<p>Atuo no campo das rela\u00e7\u00f5es sociais tentando contribuir com a transforma\u00e7\u00e3o social. Fa\u00e7o isso atrav\u00e9s de meu trabalho como profissional de desenvolvimento atuando como assessora de Desenvolvimento Institucional no Programa do mesmo nome no <strong>Instituto C&amp;A<\/strong> e em outras pr\u00e1ticas junto ao <strong>GRA \u2013 Grupo Recife de Aprendizagem<\/strong> no campo de forma\u00e7\u00e3o pol\u00edtica. Al\u00e9m disso, atuo na Secretaria de Sa\u00fade do Munic\u00edpio de Recife com idosos e pessoas com defici\u00eancia.<\/p>\n<p>Ser chamada de<strong> Dalvinha<\/strong> me mant\u00e9m atenta a minha <strong>crian\u00e7a<\/strong> interna e \u00e9 ela que sempre desejo evocar quando se trata de olhar para as quest\u00f5es da crian\u00e7a. Observo a crian\u00e7a que est\u00e1 em mim e busco-a tentando <strong>despertar a crian\u00e7a nos outros<\/strong>. E para tanto, <strong>permito que a quest\u00e3o da crian\u00e7a tangencie com todos os meus pap\u00e9is sociais<\/strong>, na medida em que atuo no PDI do Instituto C&amp;A, cujo o campo de apoio \u00e0s organiza\u00e7\u00f5es \u00e9 o campo da educa\u00e7\u00e3o infantil.<\/p>\n<p>Na perspectiva da atua\u00e7\u00e3o na pol\u00edtica, <strong>a quest\u00e3o da crian\u00e7a se torna priorit\u00e1ria pela pr\u00f3pria raz\u00e3o do sistema de garantia dos direitos desse grupo enquanto pol\u00edtica p\u00fablica<\/strong>, e na minha atua\u00e7\u00e3o na sa\u00fade, na rela\u00e7\u00e3o com idosos e pessoas com defici\u00eancia, a crian\u00e7a sempre comp\u00f5e o contexto de interven\u00e7\u00e3o, observa\u00e7\u00e3o e an\u00e1lise. Pe\u00e7o emprestado um pensamento de Hermann Hesse que me ajuda a lidar com essa quest\u00e3o com leveza e amor. \u201c<em>Nada lhe posso dar que j\u00e1 n\u00e3o exista em voc\u00ea mesmo. N\u00e3o posso abrir-lhe outro mundo de imagens, al\u00e9m daquele que h\u00e1 em sua pr\u00f3pria alma. Nada lhe posso dar a n\u00e3o ser a oportunidade, o impulso, a chave. Eu o ajudarei a tornar vis\u00edvel o seu pr\u00f3prio mundo, e isso \u00e9 tudo.<\/em>\u201d <strong>A conquista do direito demanda um novo jeito de pensar e agir no mundo<\/strong> e \u00e9 nisso que devemos nos empenhar quando pensamos nos direitos das crian\u00e7as.<\/p>\n","protected":false},"excerpt":{"rendered":"<p>Permito que a quest\u00e3o da crian\u00e7a tangencie com todos os meus pap\u00e9is sociais Meu nome \u00e9 Lindalva, mas chamam-me Dalvinha. Tenho 57 anos, sou nascida e vivo em Recife, capital de Pernambuco. Atuo no campo das rela\u00e7\u00f5es sociais tentando contribuir com a transforma\u00e7\u00e3o social. Fa\u00e7o isso atrav\u00e9s de meu trabalho como profissional de desenvolvimento atuando [&hellip;]<\/p>\n","protected":false},"author":1,"featured_media":1184,"comment_status":"open","ping_status":"open","sticky":false,"template":"","format":"standard","meta":[],"categories":[2],"tags":[386,385,367,65,179,144,387,363,383,384],"_links":{"self":[{"href":"http:\/\/conviversabersocial.com.br\/index.php\/wp-json\/wp\/v2\/posts\/1145"}],"collection":[{"href":"http:\/\/conviversabersocial.com.br\/index.php\/wp-json\/wp\/v2\/posts"}],"about":[{"href":"http:\/\/conviversabersocial.com.br\/index.php\/wp-json\/wp\/v2\/types\/post"}],"author":[{"embeddable":true,"href":"http:\/\/conviversabersocial.com.br\/index.php\/wp-json\/wp\/v2\/users\/1"}],"replies":[{"embeddable":true,"href":"http:\/\/conviversabersocial.com.br\/index.php\/wp-json\/wp\/v2\/comments?post=1145"}],"version-history":[{"count":3,"href":"http:\/\/conviversabersocial.com.br\/index.php\/wp-json\/wp\/v2\/posts\/1145\/revisions"}],"predecessor-version":[{"id":1186,"href":"http:\/\/conviversabersocial.com.br\/index.php\/wp-json\/wp\/v2\/posts\/1145\/revisions\/1186"}],"wp:featuredmedia":[{"embeddable":true,"href":"http:\/\/conviversabersocial.com.br\/index.php\/wp-json\/wp\/v2\/media\/1184"}],"wp:attachment":[{"href":"http:\/\/conviversabersocial.com.br\/index.php\/wp-json\/wp\/v2\/media?parent=1145"}],"wp:term":[{"taxonomy":"category","embeddable":true,"href":"http:\/\/conviversabersocial.com.br\/index.php\/wp-json\/wp\/v2\/categories?post=1145"},{"taxonomy":"post_tag","embeddable":true,"href":"http:\/\/conviversabersocial.com.br\/index.php\/wp-json\/wp\/v2\/tags?post=1145"}],"curies":[{"name":"wp","href":"https:\/\/api.w.org\/{rel}","templated":true}]}}