{"id":1095,"date":"2015-09-22T20:03:47","date_gmt":"2015-09-22T20:03:47","guid":{"rendered":"http:\/\/conviversabersocial.com.br\/?p=1095"},"modified":"2015-10-12T22:40:11","modified_gmt":"2015-10-13T01:40:11","slug":"pcdi-lanca-mes-da-garantia-de-direitos-das-criancas-e-dos-adolescentes","status":"publish","type":"post","link":"http:\/\/conviversabersocial.com.br\/index.php\/pcdi-lanca-mes-da-garantia-de-direitos-das-criancas-e-dos-adolescentes\/","title":{"rendered":"PCDI lan\u00e7a M\u00eas da garantia de direitos das Crian\u00e7as e dos Adolescentes"},"content":{"rendered":"<p><a href=\"http:\/\/eepurl.com\/8GQ31\"><img loading=\"lazy\" class=\"aligncenter wp-image-1099 size-full\" src=\"http:\/\/conviversabersocial.com.br\/wp-content\/uploads\/2015\/09\/mesdacrianca1.jpg\" alt=\"\" width=\"940\" height=\"788\" srcset=\"http:\/\/conviversabersocial.com.br\/wp-content\/uploads\/2015\/09\/mesdacrianca1.jpg 940w, http:\/\/conviversabersocial.com.br\/wp-content\/uploads\/2015\/09\/mesdacrianca1-300x251.jpg 300w\" sizes=\"(max-width: 940px) 100vw, 940px\" \/><\/a><\/p>\n<p>Para comemorar o M\u00eas das Crian\u00e7as, o <strong>Programa Compartilhado de Desenvolvimento Institucional<\/strong>, realizado pela <strong>Conviver Saber Social<\/strong>, com apoio do IC&amp;A, vai dar destaque para as pessoas que contribuem para a\u00a0<strong>garantia dos direitos das crian\u00e7as e adolescentes<\/strong>.<\/p>\n<p>Durante todo o m\u00eas de outubro, diariamente iremos publicar em nossas m\u00eddias digitais,<strong> perfis de pessoas que fazem a diferen\u00e7a na garantia de direitos das crian\u00e7as e dos adolescentes no Vetor Norte da Regi\u00e3o Metropolitana de Belo Horizonte<\/strong>.<\/p>\n<p>Mais que um M\u00eas das Crian\u00e7as, propomos que\u00a0este Outubro seja o<strong> M\u00eas da Garantia dos Direitos das Crian\u00e7as e dos Adolescentes.\u00a0<\/strong><\/p>\n<p>Para acompanhar a campanha, curta a <a href=\"https:\/\/www.facebook.com\/ConviverSaberSocial\" target=\"_blank\"><strong>fanpage da Conviver<\/strong><\/a> e assine o <a href=\"http:\/\/eepurl.com\/8GQ31\" target=\"_blank\"><strong>PCDINEWS<\/strong><\/a>!<\/p>\n<p><object width=\"960\" height=\"720\" id=\"player_15641911\" classid=\"clsid:D27CDB6E-AE6D-11cf-96B8-444553540000\"><param name=\"allowFullScreenInteractive\" value=\"true\" \/><param name=\"allowfullscreen\" value=\"true\"><param name=\"movie\" value=\"http:\/\/player.mais.uol.com.br\/embed_v2.swf?mediaId=15641911&#038;p=related\"><param name=\"allowscriptaccess\" value=\"always\"><param name=\"wmode\" value=\"transparent\"><param name=\"bgcolor\" value=\"#000000\"><param name=\"quality\" value=\"autolow\"><embed  allowFullScreenInteractive=\"true\" width=\"960\" height=\"720\" src=\"http:\/\/player.mais.uol.com.br\/embed_v2.swf?mediaId=15641911&#038;p=related\" bgcolor=\"#000000\" quality=\"autolow\" allowscriptaccess=\"always\" id=\"s_media_3_0\" name=\"s_media_3_0\"><noscript><a href=\"http:\/\/mais.uol.com.br\/view\/15641911\">M\u00eas da Garantia dos Direitos das Crian\u00e7as e dos Adolescentes<\/a><\/noscript><\/object><\/p>\n<p><a href=\"http:\/\/eepurl.com\/bz9mkb\"><img loading=\"lazy\" class=\"aligncenter wp-image-157 size-full\" src=\"http:\/\/conviversabersocial.com.br\/wp-content\/uploads\/2014\/12\/voltar.png\" alt=\"voltar\" width=\"468\" height=\"60\" srcset=\"http:\/\/conviversabersocial.com.br\/wp-content\/uploads\/2014\/12\/voltar.png 468w, http:\/\/conviversabersocial.com.br\/wp-content\/uploads\/2014\/12\/voltar-300x38.png 300w\" sizes=\"(max-width: 468px) 100vw, 468px\" \/><\/a><\/p>\n","protected":false},"excerpt":{"rendered":"<p>Para comemorar o M\u00eas das Crian\u00e7as, o Programa Compartilhado de Desenvolvimento Institucional, realizado pela Conviver Saber Social, com apoio do IC&amp;A, vai dar destaque para as pessoas que contribuem para a\u00a0garantia dos direitos das crian\u00e7as e adolescentes. Durante todo o m\u00eas de outubro, diariamente iremos publicar em nossas m\u00eddias digitais, perfis de pessoas que fazem [&hellip;]<\/p>\n","protected":false},"author":1,"featured_media":1097,"comment_status":"open","ping_status":"open","sticky":false,"template":"","format":"standard","meta":[],"categories":[2],"tags":[6,32,35,359,362,277,361,77,363,360,99,182],"_links":{"self":[{"href":"http:\/\/conviversabersocial.com.br\/index.php\/wp-json\/wp\/v2\/posts\/1095"}],"collection":[{"href":"http:\/\/conviversabersocial.com.br\/index.php\/wp-json\/wp\/v2\/posts"}],"about":[{"href":"http:\/\/conviversabersocial.com.br\/index.php\/wp-json\/wp\/v2\/types\/post"}],"author":[{"embeddable":true,"href":"http:\/\/conviversabersocial.com.br\/index.php\/wp-json\/wp\/v2\/users\/1"}],"replies":[{"embeddable":true,"href":"http:\/\/conviversabersocial.com.br\/index.php\/wp-json\/wp\/v2\/comments?post=1095"}],"version-history":[{"count":6,"href":"http:\/\/conviversabersocial.com.br\/index.php\/wp-json\/wp\/v2\/posts\/1095\/revisions"}],"predecessor-version":[{"id":1241,"href":"http:\/\/conviversabersocial.com.br\/index.php\/wp-json\/wp\/v2\/posts\/1095\/revisions\/1241"}],"wp:featuredmedia":[{"embeddable":true,"href":"http:\/\/conviversabersocial.com.br\/index.php\/wp-json\/wp\/v2\/media\/1097"}],"wp:attachment":[{"href":"http:\/\/conviversabersocial.com.br\/index.php\/wp-json\/wp\/v2\/media?parent=1095"}],"wp:term":[{"taxonomy":"category","embeddable":true,"href":"http:\/\/conviversabersocial.com.br\/index.php\/wp-json\/wp\/v2\/categories?post=1095"},{"taxonomy":"post_tag","embeddable":true,"href":"http:\/\/conviversabersocial.com.br\/index.php\/wp-json\/wp\/v2\/tags?post=1095"}],"curies":[{"name":"wp","href":"https:\/\/api.w.org\/{rel}","templated":true}]}}